{"id":2835,"date":"2020-04-15T22:16:03","date_gmt":"2020-04-15T20:16:03","guid":{"rendered":"http:\/\/rsh-bonn.de\/?p=2835"},"modified":"2020-04-22T20:44:03","modified_gmt":"2020-04-22T18:44:03","slug":"iew-es-weiter-geht-nach-den-osterferien","status":"publish","type":"post","link":"https:\/\/rsh-bonn.de\/?p=2835","title":{"rendered":"Schulsituation ab dem 20.04.20"},"content":{"rendered":"<p><strong><span style=\"font-family: arial, helvetica, sans-serif; font-size: 14pt;\">Schulsituation ab dem 20.04. in Kurzform &#8211; <\/span><\/strong><\/p>\n<p><strong><span style=\"font-family: arial, helvetica, sans-serif;\">Jahrg\u00e4nge 5-9:<\/span><\/strong><\/p>\n<p><span style=\"font-family: arial, helvetica, sans-serif;\">Die Jahrg\u00e4nge 5-9 haben weiterhin <strong>KEINEN<\/strong> Unterricht in der Schule. Sie erhalten wie bisher Aufgaben \u00fcber unsere <span style=\"color: #0000ff;\"><a style=\"color: #0000ff;\" href=\"https:\/\/rsh-bonn.de\/?page_id=2826\" target=\"_blank\" rel=\"noopener noreferrer\">Homepage<\/a><\/span>.<\/span><\/p>\n<p><strong><span style=\"font-family: arial, helvetica, sans-serif;\">Jahrgang 10: <span style=\"color: #ff0000;\">Verpflichtender Unterricht ab Donnerstag, 23.04.2020, 9:00 Uhr<\/span><br \/>\n<\/span><\/strong><\/p>\n<p><span style=\"font-family: arial, helvetica, sans-serif;\">Einzelheiten zu Vorerkrankungen bei Sch\u00fclerinnen und Sch\u00fclern oder Risikopersonen im h\u00e4uslichen Umfeld erhalten Sie <span style=\"color: #0000ff; font-size: 14pt;\"><a style=\"color: #0000ff;\" href=\"https:\/\/rsh-bonn.de\/?page_id=2867\" target=\"_blank\" rel=\"noopener noreferrer\">hier<\/a><\/span>.<br \/>\n<\/span><\/p>\n<p><strong><span style=\"font-family: arial, helvetica, sans-serif;\">Organisatorisches: <span style=\"color: #ff0000; font-size: 14pt;\"><a style=\"color: #ff0000;\" href=\"https:\/\/rsh-bonn.de\/wp-content\/uploads\/2020\/04\/Elternbrief_Kl_10_RSH-1.pdf\" target=\"_blank\" rel=\"noopener noreferrer\">HIER geht es zum Elternbrief f\u00fcr den 10. Jahrgang!<\/a><\/span><\/span><\/strong><\/p>\n<p><span style=\"font-family: arial, helvetica, sans-serif; color: #ff0000;\">Der Schulkiosk ist geschlossen! Fr\u00fchst\u00fcck muss selbst mitgebracht werden!!!<\/span><\/p>\n<p><strong><span style=\"font-family: arial, helvetica, sans-serif;\">Hier folgen wichtige<\/span><\/strong><span style=\"font-family: arial, helvetica, sans-serif;\"><strong> Hinweise des Ministeriums zu den Pr\u00fcfungen (ZPs): <\/strong><br \/>\n<\/span><\/p>\n<p><strong><span style=\"font-family: arial, helvetica, sans-serif;\">Zentrale Pr\u00fcfungen 10:<\/span><\/strong><\/p>\n<p><span style=\"font-family: arial, helvetica, sans-serif;\">F\u00fcr die Jahrgangsstufe 10, die zum Ende des laufenden Schuljahres den <b>Mittleren Schulabschluss<\/b> erwerben soll, w\u00e4re es nicht fair, eine Zentrale Pr\u00fcfung 10 abzuhalten.<\/span><\/p>\n<p><span style=\"font-family: arial, helvetica, sans-serif;\">Eine zentrale Pr\u00fcfung setzt voraus, dass die unterschiedlichen Lerngruppen ausreichend Zeit hatten, nach dem von ihren Lehrkr\u00e4ften gew\u00e4hlten Rhythmus die vorgesehenen Unterrichtsinhalte bis zum Zeitpunkt der Pr\u00fcfung vollst\u00e4ndig durchzuarbeiten.<\/span><\/p>\n<p><span style=\"font-family: arial, helvetica, sans-serif;\">Dem Jahrgang 10 fehlen dazu aber wichtige drei bis vier Wochen in einem ohnehin kurzen zweiten Halbjahr.<\/span><\/p>\n<p><span style=\"font-family: arial, helvetica, sans-serif;\">Ein Unterricht kann f\u00fcr diesen Jahrgang nicht in \u00fcblichem Ma\u00dfe \u2013 also in vollem Umfang mit den ihnen vertrauten Lehrkr\u00e4ften und im \u00fcblichen Klassenverband erfolgen.<\/span><\/p>\n<p><span style=\"font-family: arial, helvetica, sans-serif;\">Daher wird das Schulministerium NRW, abweichend von \u00a7 12 Absatz 3 Schulgesetz, die zentralen Klausuren \u2013 wie oben beschrieben &#8211; <strong>durch von den Lehrkr\u00e4ften zu erstellende Arbeiten ersetzen<\/strong>, die dann auch zu einem sp\u00e4teren Zeitpunkt als dem f\u00fcr die ZP 10 ersten Pr\u00fcfungstag, dem 12. Mai, geschrieben werden k\u00f6nnen.<\/span><\/p>\n<p><span style=\"font-family: arial, helvetica, sans-serif;\">Das Schulministerium NRW wird f\u00fcr diesen Jahrgang ausnahmsweise auf das ansonsten \u00fcbliche Abschlussverfahren mit Vornoten und Abweichungspr\u00fcfungen verzichten und den Sch\u00fclerinnen und Sch\u00fclern \u2013 wie fr\u00fcher \u2013 <strong>mit ihren Zeugnissen zum Ende des Schuljahres den jeweiligen Abschluss erm\u00f6glichen, sofern sie die Voraussetzungen erf\u00fcllen<\/strong>.<\/span><\/p>\n","protected":false},"excerpt":{"rendered":"<p>Schulsituation ab dem 20.04. in Kurzform &#8211; Jahrg\u00e4nge 5-9: Die Jahrg\u00e4nge 5-9 haben weiterhin KEINEN Unterricht in der Schule. Sie erhalten wie bisher Aufgaben \u00fcber unsere Homepage. Jahrgang 10: Verpflichtender [&hellip;]<\/p>\n","protected":false},"author":2,"featured_media":0,"comment_status":"closed","ping_status":"open","sticky":false,"template":"","format":"standard","meta":{"_price":"","_stock":"","_tribe_ticket_header":"","_tribe_default_ticket_provider":"","_tribe_ticket_capacity":"0","_ticket_start_date":"","_ticket_end_date":"","_tribe_ticket_show_description":"","_tribe_ticket_show_not_going":false,"_tribe_ticket_use_global_stock":"","_tribe_ticket_global_stock_level":"","_global_stock_mode":"","_global_stock_cap":"","_tribe_rsvp_for_event":"","_tribe_ticket_going_count":"","_tribe_ticket_not_going_count":"","_tribe_tickets_list":"[]","_tribe_ticket_has_attendee_info_fields":false,"_jetpack_newsletter_access":"","_jetpack_dont_email_post_to_subs":false,"_jetpack_newsletter_tier_id":0,"_jetpack_memberships_contains_paywalled_content":false,"_jetpack_feature_clip_id":0,"_jetpack_memberships_contains_paid_content":false,"footnotes":"","jetpack_post_was_ever_published":false,"_members_access_role":[],"_members_access_error":""},"categories":[1],"tags":[],"class_list":["post-2835","post","type-post","status-publish","format-standard","hentry","category-allgemein"],"jetpack_sharing_enabled":true,"jetpack_featured_media_url":"","_links":{"self":[{"href":"https:\/\/rsh-bonn.de\/index.php?rest_route=\/wp\/v2\/posts\/2835","targetHints":{"allow":["GET"]}}],"collection":[{"href":"https:\/\/rsh-bonn.de\/index.php?rest_route=\/wp\/v2\/posts"}],"about":[{"href":"https:\/\/rsh-bonn.de\/index.php?rest_route=\/wp\/v2\/types\/post"}],"author":[{"embeddable":true,"href":"https:\/\/rsh-bonn.de\/index.php?rest_route=\/wp\/v2\/users\/2"}],"replies":[{"embeddable":true,"href":"https:\/\/rsh-bonn.de\/index.php?rest_route=%2Fwp%2Fv2%2Fcomments&post=2835"}],"version-history":[{"count":24,"href":"https:\/\/rsh-bonn.de\/index.php?rest_route=\/wp\/v2\/posts\/2835\/revisions"}],"predecessor-version":[{"id":3052,"href":"https:\/\/rsh-bonn.de\/index.php?rest_route=\/wp\/v2\/posts\/2835\/revisions\/3052"}],"wp:attachment":[{"href":"https:\/\/rsh-bonn.de\/index.php?rest_route=%2Fwp%2Fv2%2Fmedia&parent=2835"}],"wp:term":[{"taxonomy":"category","embeddable":true,"href":"https:\/\/rsh-bonn.de\/index.php?rest_route=%2Fwp%2Fv2%2Fcategories&post=2835"},{"taxonomy":"post_tag","embeddable":true,"href":"https:\/\/rsh-bonn.de\/index.php?rest_route=%2Fwp%2Fv2%2Ftags&post=2835"}],"curies":[{"name":"wp","href":"https:\/\/api.w.org\/{rel}","templated":true}]}}