{"id":3038,"date":"2020-04-22T20:25:22","date_gmt":"2020-04-22T18:25:22","guid":{"rendered":"http:\/\/rsh-bonn.de\/?p=3038"},"modified":"2020-05-27T20:13:10","modified_gmt":"2020-05-27T18:13:10","slug":"notbetreuung-erweiterung-ab-dem-23-april","status":"publish","type":"post","link":"https:\/\/rsh-bonn.de\/?p=3038","title":{"rendered":"Notbetreuung &#8211; Erweiterung ab dem 16. April"},"content":{"rendered":"<h4><strong><span style=\"font-family: arial, helvetica, sans-serif; font-size: 14pt;\">Notbetreuung &#8211; Erweiterung ab dem 16. April<\/span><\/strong><\/h4>\n<h4><span style=\"font-family: arial, helvetica, sans-serif; font-size: 14pt;\"><span style=\"font-size: 12pt;\">Einrichtung der Notbetreuung ab dem 18. M\u00e4rz 2020, 23. M\u00e4rz und ab dem 16. April 2020<\/span><br \/>\n<\/span><\/h4>\n<p><span style=\"font-family: arial, helvetica, sans-serif;\">Die Schulen in NRW haben seit Mittwoch, 18. M\u00e4rz 2020, eine Notbetreuung eingerichtet. Damit werden Eltern unterst\u00fctzt, die beide (oder als Alleinerziehende) im Bereich sogenannter Kritischer Infrastrukturen arbeiten und dort einen unverzichtbaren Beitrag zur Krankenversorgung oder zur Aufrechterhaltung einer Grundversorgung leisten. Soweit Sch\u00fclerinnen und Sch\u00fcler im Regelbetrieb an Angeboten des Ganztags teilnehmen, bezieht sich die Notbetreuung auch darauf. Hier sind die Tr\u00e4ger der Betreuung im Sinne von <a title=\"Schulgesetz f\u00fcr das Land Nordrhein-Westfalen\" href=\"https:\/\/www.schulministerium.nrw.de\/docs\/Recht\/Schulrecht\/Schulgesetz\/index.html\">\u00a7 9 Absatz 3 SchulG<\/a> gefordert<\/span><\/p>\n<p><span style=\"font-family: arial, helvetica, sans-serif;\">Die Entscheidung, welche Eltern diese Notbetreuung in Anspruch nehmen k\u00f6nnen, richtet sich nach einer <a href=\"https:\/\/www.mags.nrw\/pressemitteilung\/neue-leitlinie-bestimmt-personal-kritischer-infrastrukturen\" target=\"_blank\" rel=\"noopener noreferrer\">Leitlinie des Gesundheitsministeriums vom 15. M\u00e4rz 2020<\/a>.<\/span><\/p>\n<p><span style=\"font-family: arial, helvetica, sans-serif;\">Danach hat der jeweilige Arbeitgeber zu bescheinigen, dass die betroffenen Eltern im Bereich Kritischer Infrastrukturen arbeiten <strong>und <\/strong>dort unabk\u00f6mmlich sind. Die Eltern ihrerseits best\u00e4tigen, dass es f\u00fcr sie keine Alternative zu der Notbetreuung gibt. Schulleitungen m\u00fcssen keine weitere Pr\u00fcfung vornehmen, sondern k\u00f6nnen die Aufnahme eines Kindes auf diese Bescheinigung st\u00fctzen.<\/span><\/p>\n<p><span style=\"font-family: arial, helvetica, sans-serif;\">Das entsprechende <strong>Antragsformular steht\u00a0<a href=\"https:\/\/rsh-bonn.de\/wp-content\/uploads\/2020\/05\/Notbetreuung_Formular-ab-17-KW.pdf\" target=\"_blank\" rel=\"noopener noreferrer\">hier<\/a> zum Download zur Verf\u00fcgung<\/strong>.<\/span><\/p>\n<h4><span style=\"font-family: arial, helvetica, sans-serif;\">\u00c4nderungen und Erg\u00e4nzungen ab 23. M\u00e4rz 2020<\/span><\/h4>\n<p><span style=\"font-family: arial, helvetica, sans-serif;\">Aufgrund der weiterhin steigenden Infektionszahlen ist das \u00e4rztliche Personal, sind Pflegekr\u00e4fte und Rettungsdienste besonders belastet. Aus diesem Grund gilt f\u00fcr <b>Eltern oder Erziehungsberechtigte oder Alleinerziehende<\/b>, die in <b>Berufen im Bereich der kritischen Infrastruktur <\/b>t\u00e4tig sind, eine wichtige Erleichterung: Sie k\u00f6nnen Ihr Kind, <strong>unabh\u00e4ngig von der beruflichen Situation des Partners oder anderen Elternteils<\/strong> in die Notbetreuung geben, sofern eine Betreuung durch diese nicht gew\u00e4hrleistet ist. Bitte gehen Sie gemeinsam mit Ihrem Arbeitgeber verantwortungsvoll damit um und bedenken immer, dass es sich um eine Notbetreuung handelt. Nehmen Sie diese bitte nur in Anspruch, wenn andere L\u00f6sungen ausgeschlossen sind. So tragen alle dazu bei, die sozialen Kontakte m\u00f6glichst zu reduzieren.<\/span><\/p>\n<p><span style=\"font-family: arial, helvetica, sans-serif;\">Zudem ist es ab sofort <strong>unerheblich, ob Ihr Kind im normalen Schulbetrieb einen Platz im Ganztag h\u00e4tte <\/strong>oder nicht: <strong>f\u00fcr die Kinder von Krankenpflegern, \u00c4rztinnen und all jenen, die zurzeit so dringend<\/strong> gebraucht werden, ist damit in jedem Fall eine Betreuung bis in den Nachmittag gew\u00e4hrleistet.<\/span><\/p>\n<p><span style=\"font-family: arial, helvetica, sans-serif;\">Zudem steht <strong>ab dem 23. M\u00e4rz 2020<\/strong> die <b>Notbetreuung bei Bedarf an allen Tagen der Woche<\/b>, also auch <strong>samstags und sonntags<\/strong>, und<strong> in den Osterferien<\/strong> mit Ausnahme von Karfreitag bis Ostermontag zur Verf\u00fcgung.<\/span><\/p>\n<p><span style=\"font-family: arial, helvetica, sans-serif;\"><b>\u00c4nderungen und Erg\u00e4nzungen ab 16. April 2020<\/b><\/span><\/p>\n<p><span style=\"font-family: arial, helvetica, sans-serif;\">In den Grundschulen sowie den weiterf\u00fchrenden Schulen wird das Notbetreuungsangebot f\u00fcr die Jahrgangsstufen eins bis sechs aufrechterhalten und ggf. um weitere Bedarfsgruppen, die nach der geltenden Leitlinie zu den <a href=\"https:\/\/www.mags.nrw\/erlasse-des-nrw-gesundheitsministeriums-zur-bekaempfung-der-corona-pandemie?fbclid=IwAR3hD2cxFt0l7pVRDX11F0WN9EVI4QMA7mlebSC4PhlJttIeIhZQjtopTHQ\" target=\"_blank\" rel=\"noopener noreferrer\">kritischen Infrastrukturen<\/a> geh\u00f6ren, erweitert.<\/span><\/p>\n<p><span style=\"font-family: arial, helvetica, sans-serif;\">Wegen der immer wieder betonten dynamischen Entwicklung der Lage sowie der Ank\u00fcndigung der Bundeskanzlerin, am 30. April erneut mit den Ministerpr\u00e4sidentinnen und Ministerpr\u00e4sidenten zu beraten, plant das Schulministerium NRW <b>diese Schritte zun\u00e4chst nur bis zum 4. Mai<\/b>.<\/span><\/p>\n<p><span style=\"font-family: arial, helvetica, sans-serif;\">Danach soll auf die eingetretene Entwicklung reagiert werden, die es im besten Fall m\u00f6glich macht, das Unterrichtsangebot dann auch auf Sch\u00fclerinnen und Sch\u00fcler anderer Jahrgangsstufen auszudehnen.<b> <\/b><\/span><\/p>\n<p><span style=\"font-family: arial, helvetica, sans-serif;\"><a href=\"https:\/\/rsh-bonn.de\/wp-content\/uploads\/2020\/05\/Notbetreuung_Formular-ab-17-KW.pdf\" target=\"_blank\" rel=\"noopener noreferrer\">Hier geht es nochmal zum Antrag<\/a><\/span><\/p>\n<p><span style=\"font-family: arial, helvetica, sans-serif;\"><strong>ACHTUNG: Diese Ausnahme gilt selbstverst\u00e4ndlich nicht, wenn Ihr Kind<\/strong><\/span><\/p>\n<ul>\n<li><span style=\"font-family: arial, helvetica, sans-serif;\">Krankheitssymptome aufweist,<br \/>\n<\/span><\/li>\n<li><span style=\"font-family: arial, helvetica, sans-serif;\">in Kontakt zu infizierten Personen steht oder seit dem Kontakt mit infizierten Personen noch nicht 14 Tage vergangen sind.<\/span><\/li>\n<\/ul>\n","protected":false},"excerpt":{"rendered":"<p>Notbetreuung &#8211; Erweiterung ab dem 16. April Einrichtung der Notbetreuung ab dem 18. M\u00e4rz 2020, 23. M\u00e4rz und ab dem 16. April 2020 Die Schulen in NRW haben seit Mittwoch, [&hellip;]<\/p>\n","protected":false},"author":2,"featured_media":0,"comment_status":"closed","ping_status":"open","sticky":false,"template":"","format":"standard","meta":{"_price":"","_stock":"","_tribe_ticket_header":"","_tribe_default_ticket_provider":"","_tribe_ticket_capacity":"0","_ticket_start_date":"","_ticket_end_date":"","_tribe_ticket_show_description":"","_tribe_ticket_show_not_going":false,"_tribe_ticket_use_global_stock":"","_tribe_ticket_global_stock_level":"","_global_stock_mode":"","_global_stock_cap":"","_tribe_rsvp_for_event":"","_tribe_ticket_going_count":"","_tribe_ticket_not_going_count":"","_tribe_tickets_list":"[]","_tribe_ticket_has_attendee_info_fields":false,"_jetpack_newsletter_access":"","_jetpack_dont_email_post_to_subs":false,"_jetpack_newsletter_tier_id":0,"_jetpack_memberships_contains_paywalled_content":false,"_jetpack_feature_clip_id":0,"_jetpack_memberships_contains_paid_content":false,"footnotes":"","jetpack_post_was_ever_published":false,"_members_access_role":[],"_members_access_error":""},"categories":[1],"tags":[],"class_list":["post-3038","post","type-post","status-publish","format-standard","hentry","category-allgemein"],"jetpack_sharing_enabled":true,"jetpack_featured_media_url":"","_links":{"self":[{"href":"https:\/\/rsh-bonn.de\/index.php?rest_route=\/wp\/v2\/posts\/3038","targetHints":{"allow":["GET"]}}],"collection":[{"href":"https:\/\/rsh-bonn.de\/index.php?rest_route=\/wp\/v2\/posts"}],"about":[{"href":"https:\/\/rsh-bonn.de\/index.php?rest_route=\/wp\/v2\/types\/post"}],"author":[{"embeddable":true,"href":"https:\/\/rsh-bonn.de\/index.php?rest_route=\/wp\/v2\/users\/2"}],"replies":[{"embeddable":true,"href":"https:\/\/rsh-bonn.de\/index.php?rest_route=%2Fwp%2Fv2%2Fcomments&post=3038"}],"version-history":[{"count":10,"href":"https:\/\/rsh-bonn.de\/index.php?rest_route=\/wp\/v2\/posts\/3038\/revisions"}],"predecessor-version":[{"id":3582,"href":"https:\/\/rsh-bonn.de\/index.php?rest_route=\/wp\/v2\/posts\/3038\/revisions\/3582"}],"wp:attachment":[{"href":"https:\/\/rsh-bonn.de\/index.php?rest_route=%2Fwp%2Fv2%2Fmedia&parent=3038"}],"wp:term":[{"taxonomy":"category","embeddable":true,"href":"https:\/\/rsh-bonn.de\/index.php?rest_route=%2Fwp%2Fv2%2Fcategories&post=3038"},{"taxonomy":"post_tag","embeddable":true,"href":"https:\/\/rsh-bonn.de\/index.php?rest_route=%2Fwp%2Fv2%2Ftags&post=3038"}],"curies":[{"name":"wp","href":"https:\/\/api.w.org\/{rel}","templated":true}]}}