{"id":3675,"date":"2020-08-09T12:26:28","date_gmt":"2020-08-09T10:26:28","guid":{"rendered":"http:\/\/rsh-bonn.de\/?p=3675"},"modified":"2020-08-09T12:39:25","modified_gmt":"2020-08-09T10:39:25","slug":"einen-guten-start-ins-neue-schuljahr","status":"publish","type":"post","link":"https:\/\/rsh-bonn.de\/?p=3675","title":{"rendered":"Einen guten Start ins neue Schuljahr!!!"},"content":{"rendered":"<p><strong><span style=\"font-family: arial, helvetica, sans-serif; font-size: 14pt;\">Einen guten Start ins neue Schuljahr &#8211; <\/span><\/strong><\/p>\n<p><span style=\"font-family: arial, helvetica, sans-serif;\">Sehr geehrte Eltern und Erziehungsberechtigte,<\/span><\/p>\n<p><span style=\"font-family: arial, helvetica, sans-serif;\">liebe Sch\u00fclerinnen und Sch\u00fcler,<\/span><\/p>\n<p><span style=\"font-family: arial, helvetica, sans-serif;\">die Sommerferien neigen sich dem Ende zu. Das letzte Schuljahr war bereits sehr ungew\u00f6hnlich. Auch das neue wird uns bestimmt an vielen Stellen weiter herausfordern.<\/span><\/p>\n<p><span style=\"font-family: arial, helvetica, sans-serif;\">Im Folgenden erhalten Sie und ihr wichtige Informationen zum <strong>Schulstart<\/strong> n\u00e4chste Woche:<\/span><\/p>\n<p><span style=\"font-family: arial, helvetica, sans-serif;\">Die <strong>Jahrg\u00e4nge 6-10<\/strong> starten wie angek\u00fcndigt am Mittwoch, 12.08.2020, um 7.55 Uhr auf dem Schulhof an den neu markierten <strong>Aufstellpl\u00e4tzen.<\/strong><\/span><\/p>\n<p><span style=\"font-family: arial, helvetica, sans-serif;\">Die neuen Sch\u00fclerinnen und Sch\u00fcler des <strong>5. Jahrgangs<\/strong> kommen am Donnerstag, 13.08.2020, zu den im Elternbrief genannten Uhrzeiten an den Haupteingang.<\/span><\/p>\n<p><span style=\"font-family: arial, helvetica, sans-serif;\">Der Unterricht endet in der 1. Woche jeweils um 12:30 Uhr. Am Montag, 17.08.2020, unternehmen alle Klassen einen Wandertag.<\/span><\/p>\n<p><span style=\"font-family: arial, helvetica, sans-serif;\"><strong>Hygienekonzept<\/strong><\/span><\/p>\n<p><span style=\"font-family: arial, helvetica, sans-serif;\">Die wichtigste neue Regel im \u201eangepassten Schulbetrieb\u201c lautet:<\/span><\/p>\n<p><span style=\"font-family: arial, helvetica, sans-serif;\"><strong><u>Maskenpflicht<\/u><\/strong><strong> auf dem gesamten Gel\u00e4nde und im Geb\u00e4ude! <\/strong><\/span><\/p>\n<p><span style=\"font-family: arial, helvetica, sans-serif;\">Sie als Eltern sind f\u00fcr die Beschaffung verantwortlich, geben Sie bitte Ihren Kindern t\u00e4glich 2-3 Masken zum Wechseln mit.<\/span><\/p>\n<p><span style=\"font-family: arial, helvetica, sans-serif;\">Ihr Kind hat einen Schnupfen?<\/span><\/p>\n<p><span style=\"font-family: arial, helvetica, sans-serif;\">Auch bei geringen Anzeichen einer Erk\u00e4ltung (z.B. Schnupfen) muss ihr Kind f\u00fcr <strong>einen Tag <\/strong>zu Hause bleiben. Kommen weitere Symptome dazu (wie insbesondere Fieber, trockener Husten, Verlust des Geschmacks-\/Geruchssinn) liegt der Verdacht einer Covid 19 Erkrankung vor: <strong>Ihr Kind muss getestet <\/strong>werden!!!<\/span><\/p>\n<p><span style=\"font-family: arial, helvetica, sans-serif;\">Unser bisheriges Hygienekonzept haben wir nach den neuen Vorgaben des Schulministeriums \u00fcberarbeitet. Es sollen wieder ganze Klassen und Jahrgangskurse unterrichtet werden. Die Klassen werden u. a. vor Unterrichtsbeginn und nach den Pausen auf dem Schulhof abgeholt, dort, wo m\u00f6glich, soll Abstand gehalten werden, es gibt feste Lerngruppen mit festen Sitzpl\u00e4tzen, gesonderte Ein- und Ausg\u00e4nge, Lunchpakete statt Mensabetrieb und der Sportunterricht wird drau\u00dfen stattfinden.<\/span><\/p>\n<p><span style=\"font-family: arial, helvetica, sans-serif;\"><strong>Unterrichtsbetrieb<\/strong><\/span><\/p>\n<p><span style=\"font-family: arial, helvetica, sans-serif;\">Den Gro\u00dfteil des Unterrichts in diesem Schuljahr k\u00f6nnen wir im normalen Pr\u00e4senzunterricht anbieten. Einige wenige Stunden werden weiterhin im Distanzunterricht unterrichtet werden m\u00fcssen. <\/span><span style=\"font-family: arial, helvetica, sans-serif;\">Unsere Vertretungsreserve ist zur Zeit leider gering, zudem d\u00fcrfen Klassen coronabedingt momentan auch nicht mehr zur Mitbetreuung jahrgangs\u00fcbergreifend aufgeteilt werden. Dies kann zu vor\u00fcbergehenden Stundenk\u00fcrzungen oder kurzfristigem Distanzlernen f\u00fchren.<\/span><\/p>\n<p><span style=\"font-family: arial, helvetica, sans-serif;\"><strong>Sie waren in einem Risikogebiet im Urlaub?<\/strong><\/span><\/p>\n<p><span style=\"font-family: arial, helvetica, sans-serif;\">Bei einer Einreise aus einem Risikogebiet ist die Corona-Einreiseverordnung des Ministeriums f\u00fcr Arbeit, Gesundheit und Soziales zu beachten, aus der sich besondere Verpflichtungen f\u00fcr Sch\u00fclerinnen und Sch\u00fcler sowie alle an Schulen t\u00e4tigen Personen ergeben k\u00f6nnen. Weiterf\u00fchrende Informationen sind auf dessen Sonderseite abrufbar unter: <span style=\"color: #0000ff; font-size: 14pt;\"><a style=\"color: #0000ff;\" href=\"https:\/\/www.mags.nrw\/coronavirus\" target=\"_blank\" rel=\"noopener noreferrer\">https:\/\/www.mags.nrw\/coronavirus<\/a><\/span>.<\/span><\/p>\n<p><span style=\"font-family: arial, helvetica, sans-serif;\">Die Einstufung als Risikogebiet wird durch das Robert-Koch-Institut fortgeschrieben <\/span><span style=\"font-family: arial, helvetica, sans-serif;\">und ver\u00f6ffentlicht: <span style=\"color: #0000ff; font-size: 14pt;\"><a style=\"color: #0000ff;\" href=\"http:\/\/www.rki.de\/covid-19-risikogebiete\" target=\"_blank\" rel=\"noopener noreferrer\">www.rki.de\/covid-19-risikogebiete<\/a><\/span>.<\/span><\/p>\n<p><span style=\"font-family: arial, helvetica, sans-serif;\"><strong>Ihr Kind hat eine Vorerkrankung? Ein Angeh\u00f6riger zuhause ist vorerkrankt? <\/strong><\/span><\/p>\n<p><span style=\"font-family: arial, helvetica, sans-serif;\">Lesen Sie bitte die Informationen am Ende!<\/span><\/p>\n<p>&nbsp;<\/p>\n<p><span style=\"font-family: arial, helvetica, sans-serif;\">Das gesamte Team der Realschule Hardtberg freut sich, euch, liebe Sch\u00fclerinnen und Sch\u00fcler, nach der Sommerpause wieder zu sehen!<\/span><\/p>\n<p><span style=\"font-family: arial, helvetica, sans-serif;\">Ich w\u00fcnsche uns allen einen guten Start ins neue Schuljahr!<\/span><\/p>\n<p><span style=\"font-family: arial, helvetica, sans-serif;\">B. Petry<\/span><\/p>\n<p><span style=\"font-family: arial, helvetica, sans-serif;\">Schulleiter<\/span><\/p>\n<p>&nbsp;<\/p>\n<p><span style=\"font-family: arial, helvetica, sans-serif;\"><strong><u>Information <\/u><\/strong><\/span><\/p>\n<p><span style=\"font-family: arial, helvetica, sans-serif;\"><strong>Schutz von vorerkrankten Sch\u00fclerinnen und Sch\u00fclern sowie Schutz vorerkrankter Angeh\u00f6riger, die mit Sch\u00fclerinnen und Sch\u00fclern in h\u00e4uslicher Gemeinschaft leben<\/strong><\/span><\/p>\n<p><span style=\"font-family: arial, helvetica, sans-serif;\"><strong>\u00a0<\/strong><\/span><\/p>\n<p><span style=\"font-family: arial, helvetica, sans-serif;\"><strong>Schutz von vorerkrankten Sch\u00fclerinnen und Sch\u00fclern<\/strong><\/span><\/p>\n<p><span style=\"font-family: arial, helvetica, sans-serif;\">Grunds\u00e4tzlich sind Sch\u00fclerinnen und Sch\u00fcler verpflichtet, am Pr\u00e4senzunterricht teilzunehmen. Es gelten die allgemeinen Bestimmungen zur Schul- und Teilnahmepflicht.<\/span><\/p>\n<p><span style=\"font-family: arial, helvetica, sans-serif;\">F\u00fcr Sch\u00fclerinnen und Sch\u00fcler mit relevanten Vorerkrankungen finden die Bestimmungen \u00fcber Erkrankungen (\u00a7 43 Absatz 2 SchulG) mit folgender Ma\u00dfgabe Anwendung: Die Eltern entscheiden, ob f\u00fcr ihr Kind eine gesundheitliche Gef\u00e4hrdung durch den Schulbesuch entstehen k\u00f6nnte. Die R\u00fccksprache mit einer \u00c4rztin oder einem Arzt wird empfohlen. In diesem Fall benachrichtigen die Eltern unverz\u00fcglich die Schule und teilen dies schriftlich mit. Entsprechende Pflichten gelten f\u00fcr vollj\u00e4hrige Sch\u00fclerinnen und Sch\u00fcler. Die Eltern bzw. die betroffenen vollj\u00e4hrigen Sch\u00fclerinnen und Sch\u00fcler m\u00fcssen zum einen darlegen, dass f\u00fcr die Sch\u00fclerin oder den Sch\u00fcler wegen einer Vorerkrankung eine erh\u00f6hte Wahrscheinlichkeit f\u00fcr einen schweren Krankheitsverlauf im Falle einer Infektion mit dem Coronavirus SARS-CoV-2 besteht.<\/span><\/p>\n<p><span style=\"font-family: arial, helvetica, sans-serif;\">Bei begr\u00fcndeten Zweifeln kann die Schule ein \u00e4rztliches Attest verlangen und in besonderen F\u00e4llen ein amts\u00e4rztliches Gutachten einholen. Besucht die Sch\u00fclerin oder der Sch\u00fcler die Schule voraussichtlich oder tats\u00e4chlich l\u00e4nger als sechs Wochen nicht, soll die Schule ein \u00e4rztliches Attest verlangen und in besonderen F\u00e4llen ein amts\u00e4rztliches Gutachten einholen. F\u00fcr die Sch\u00fclerin oder den Sch\u00fcler entf\u00e4llt lediglich die Verpflichtung zur Teilnahme am Pr\u00e4senzunterricht. Sie oder er ist weiterhin dazu verpflichtet, daran mitzuarbeiten, dass die Aufgabe der Schule erf\u00fcllt und das Bildungsziel erreicht werden kann. Hierzu geh\u00f6rt auch der Distanzunterricht. Die Verpflichtung zur Teilnahme an Pr\u00fcfungen bleibt bestehen.<\/span><\/p>\n<p>&nbsp;<\/p>\n<p><span style=\"font-family: arial, helvetica, sans-serif;\"><strong>Schutz vorerkrankter Angeh\u00f6riger, die mit Sch\u00fclerinnen und Sch\u00fclern in <\/strong><\/span><span style=\"font-family: arial, helvetica, sans-serif;\"><strong>h\u00e4uslicher Gemeinschaft leben<\/strong><\/span><\/p>\n<p><span style=\"font-family: arial, helvetica, sans-serif;\">Sofern eine Sch\u00fclerin oder ein Sch\u00fcler mit einem Angeh\u00f6rigen \u2013 insbesondere Eltern, Gro\u00dfeltern oder Geschwister \u2013 in h\u00e4uslicher Gemeinschaft lebt und bei diesem Angeh\u00f6rigen eine relevante Erkrankung, bei der eine Infektion mit SARS-Cov-2 ein besonders hohes gesundheitliches Risiko darstellt, besteht, sind vorrangig Ma\u00dfnahmen der Infektionspr\u00e4vention innerhalb der h\u00e4uslichen Gemeinschaft zum Schutz dieser Angeh\u00f6rigen zu treffen.<\/span><\/p>\n<p><span style=\"font-family: arial, helvetica, sans-serif;\">Die Nichtteilnahme von Sch\u00fclerinnen und Sch\u00fclern am Pr\u00e4senzunterricht kann zum Schutz ihrer Angeh\u00f6rigen nur in eng begrenzten Ausnahmef\u00e4llen und nur vor\u00fcbergehend in Betracht kommen. Dies setzt voraus, dass ein \u00e4rztliches Attest des betreffenden Angeh\u00f6rigen vorgelegt wird, aus dem sich die Corona-relevante Vorerkrankung ergibt.<\/span><\/p>\n<p><span style=\"font-family: arial, helvetica, sans-serif;\">Eine Entbindung von der Teilnahme am Pr\u00e4senzunterricht kommt vor allem dann in Betracht, wenn sich die oder der Angeh\u00f6rige aufgrund des individuellen Verlaufs ihrer oder seiner Vorerkrankung vor\u00fcbergehend in einem Zustand erh\u00f6hter Vulnerabilit\u00e4t befindet. Die Verpflichtung der Sch\u00fclerinnen und Sch\u00fcler zur Teilnahme am Distanzunterricht und zur Teilnahme an Pr\u00fcfungen bleibt bestehen.<\/span><\/p>\n","protected":false},"excerpt":{"rendered":"<p>Einen guten Start ins neue Schuljahr &#8211; Sehr geehrte Eltern und Erziehungsberechtigte, liebe Sch\u00fclerinnen und Sch\u00fcler, die Sommerferien neigen sich dem Ende zu. Das letzte Schuljahr war bereits sehr ungew\u00f6hnlich. [&hellip;]<\/p>\n","protected":false},"author":2,"featured_media":3679,"comment_status":"closed","ping_status":"open","sticky":false,"template":"","format":"standard","meta":{"_price":"","_stock":"","_tribe_ticket_header":"","_tribe_default_ticket_provider":"","_tribe_ticket_capacity":"0","_ticket_start_date":"","_ticket_end_date":"","_tribe_ticket_show_description":"","_tribe_ticket_show_not_going":false,"_tribe_ticket_use_global_stock":"","_tribe_ticket_global_stock_level":"","_global_stock_mode":"","_global_stock_cap":"","_tribe_rsvp_for_event":"","_tribe_ticket_going_count":"","_tribe_ticket_not_going_count":"","_tribe_tickets_list":"[]","_tribe_ticket_has_attendee_info_fields":false,"_jetpack_newsletter_access":"","_jetpack_dont_email_post_to_subs":false,"_jetpack_newsletter_tier_id":0,"_jetpack_memberships_contains_paywalled_content":false,"_jetpack_feature_clip_id":0,"_jetpack_memberships_contains_paid_content":false,"footnotes":"","jetpack_post_was_ever_published":false,"_members_access_role":[],"_members_access_error":""},"categories":[1],"tags":[],"class_list":["post-3675","post","type-post","status-publish","format-standard","has-post-thumbnail","hentry","category-allgemein"],"jetpack_sharing_enabled":true,"jetpack_featured_media_url":"https:\/\/rsh-bonn.de\/wp-content\/uploads\/2020\/08\/timetable-3219586_1920.jpg","_links":{"self":[{"href":"https:\/\/rsh-bonn.de\/index.php?rest_route=\/wp\/v2\/posts\/3675","targetHints":{"allow":["GET"]}}],"collection":[{"href":"https:\/\/rsh-bonn.de\/index.php?rest_route=\/wp\/v2\/posts"}],"about":[{"href":"https:\/\/rsh-bonn.de\/index.php?rest_route=\/wp\/v2\/types\/post"}],"author":[{"embeddable":true,"href":"https:\/\/rsh-bonn.de\/index.php?rest_route=\/wp\/v2\/users\/2"}],"replies":[{"embeddable":true,"href":"https:\/\/rsh-bonn.de\/index.php?rest_route=%2Fwp%2Fv2%2Fcomments&post=3675"}],"version-history":[{"count":5,"href":"https:\/\/rsh-bonn.de\/index.php?rest_route=\/wp\/v2\/posts\/3675\/revisions"}],"predecessor-version":[{"id":3694,"href":"https:\/\/rsh-bonn.de\/index.php?rest_route=\/wp\/v2\/posts\/3675\/revisions\/3694"}],"wp:featuredmedia":[{"embeddable":true,"href":"https:\/\/rsh-bonn.de\/index.php?rest_route=\/wp\/v2\/media\/3679"}],"wp:attachment":[{"href":"https:\/\/rsh-bonn.de\/index.php?rest_route=%2Fwp%2Fv2%2Fmedia&parent=3675"}],"wp:term":[{"taxonomy":"category","embeddable":true,"href":"https:\/\/rsh-bonn.de\/index.php?rest_route=%2Fwp%2Fv2%2Fcategories&post=3675"},{"taxonomy":"post_tag","embeddable":true,"href":"https:\/\/rsh-bonn.de\/index.php?rest_route=%2Fwp%2Fv2%2Ftags&post=3675"}],"curies":[{"name":"wp","href":"https:\/\/api.w.org\/{rel}","templated":true}]}}