{"id":3757,"date":"2020-08-20T13:56:59","date_gmt":"2020-08-20T11:56:59","guid":{"rendered":"http:\/\/rsh-bonn.de\/?p=3757"},"modified":"2020-08-20T14:05:16","modified_gmt":"2020-08-20T12:05:16","slug":"1-corona-fall-an-der-rsh-im-jahrgang-9-information-fuer-alle-schulbeteiligten","status":"publish","type":"post","link":"https:\/\/rsh-bonn.de\/?p=3757","title":{"rendered":"1. Corona-Fall an der RSH im Jahrgang 9 \u2013 Information f\u00fcr alle Schulbeteiligten"},"content":{"rendered":"<p><span style=\"font-size: 14pt;\"><strong><span style=\"font-family: arial, helvetica, sans-serif;\">1. Corona-Fall an der RSH im Jahrgang 9 \u2013 Information f\u00fcr alle Schulbeteiligten &#8211;<br \/>\n<\/span><\/strong><\/span><\/p>\n<p><span style=\"font-family: arial, helvetica, sans-serif;\">Am heutigen Donnerstagvormittag, 20.08.20, wurde der 1. Corona-Fall an unserer RSH bekannt. Der betroffene Sch\u00fcler war zuletzt am Montag (Wandertag) mit seiner Klasse in Kontakt. F\u00fcnf Kontaktpersonen wurden vom Gesundheitsamt in die Kategorie 1 eingestuft. Diese Sch\u00fcler d\u00fcrfen vorerst die Realschule nicht besuchen und wurden bereits entsprechend informiert.<\/span><\/p>\n<p><span style=\"font-family: arial, helvetica, sans-serif;\"><strong>Der Unterrichtsbetrieb l\u00e4uft f\u00fcr alle anderen ganz normal weiter.<\/strong><\/span><\/p>\n<p><span style=\"font-family: arial, helvetica, sans-serif;\">Motivieren Sie weiterhin Ihre Kinder, sich an unser Hygienekonzept, das Ihnen vorliegt, zu halten und geben Sie t\u00e4glich 2-3 Ersatzmasken mit in die Schule. Dies hilft in solchen F\u00e4llen, eine komplette Schulschlie\u00dfung zu vermeiden.<\/span><\/p>\n<p><span style=\"font-family: arial, helvetica, sans-serif;\">Bleiben Sie gesund!<\/span><\/p>\n<p><span style=\"font-family: arial, helvetica, sans-serif;\">B. Petry<\/span><\/p>\n<p><span style=\"font-family: arial, helvetica, sans-serif;\">Schulleiter<\/span><\/p>\n","protected":false},"excerpt":{"rendered":"<p>1. Corona-Fall an der RSH im Jahrgang 9 \u2013 Information f\u00fcr alle Schulbeteiligten &#8211; Am heutigen Donnerstagvormittag, 20.08.20, wurde der 1. Corona-Fall an unserer RSH bekannt. Der betroffene Sch\u00fcler war [&hellip;]<\/p>\n","protected":false},"author":2,"featured_media":3758,"comment_status":"closed","ping_status":"open","sticky":false,"template":"","format":"standard","meta":{"_price":"","_stock":"","_tribe_ticket_header":"","_tribe_default_ticket_provider":"","_tribe_ticket_capacity":"0","_ticket_start_date":"","_ticket_end_date":"","_tribe_ticket_show_description":"","_tribe_ticket_show_not_going":false,"_tribe_ticket_use_global_stock":"","_tribe_ticket_global_stock_level":"","_global_stock_mode":"","_global_stock_cap":"","_tribe_rsvp_for_event":"","_tribe_ticket_going_count":"","_tribe_ticket_not_going_count":"","_tribe_tickets_list":"[]","_tribe_ticket_has_attendee_info_fields":false,"_jetpack_newsletter_access":"","_jetpack_dont_email_post_to_subs":false,"_jetpack_newsletter_tier_id":0,"_jetpack_memberships_contains_paywalled_content":false,"_jetpack_feature_clip_id":0,"_jetpack_memberships_contains_paid_content":false,"footnotes":"","jetpack_post_was_ever_published":false,"_members_access_role":[],"_members_access_error":""},"categories":[1],"tags":[],"class_list":["post-3757","post","type-post","status-publish","format-standard","has-post-thumbnail","hentry","category-allgemein"],"jetpack_sharing_enabled":true,"jetpack_featured_media_url":"https:\/\/rsh-bonn.de\/wp-content\/uploads\/2020\/08\/news-1644696_1280.png","_links":{"self":[{"href":"https:\/\/rsh-bonn.de\/index.php?rest_route=\/wp\/v2\/posts\/3757","targetHints":{"allow":["GET"]}}],"collection":[{"href":"https:\/\/rsh-bonn.de\/index.php?rest_route=\/wp\/v2\/posts"}],"about":[{"href":"https:\/\/rsh-bonn.de\/index.php?rest_route=\/wp\/v2\/types\/post"}],"author":[{"embeddable":true,"href":"https:\/\/rsh-bonn.de\/index.php?rest_route=\/wp\/v2\/users\/2"}],"replies":[{"embeddable":true,"href":"https:\/\/rsh-bonn.de\/index.php?rest_route=%2Fwp%2Fv2%2Fcomments&post=3757"}],"version-history":[{"count":2,"href":"https:\/\/rsh-bonn.de\/index.php?rest_route=\/wp\/v2\/posts\/3757\/revisions"}],"predecessor-version":[{"id":3761,"href":"https:\/\/rsh-bonn.de\/index.php?rest_route=\/wp\/v2\/posts\/3757\/revisions\/3761"}],"wp:featuredmedia":[{"embeddable":true,"href":"https:\/\/rsh-bonn.de\/index.php?rest_route=\/wp\/v2\/media\/3758"}],"wp:attachment":[{"href":"https:\/\/rsh-bonn.de\/index.php?rest_route=%2Fwp%2Fv2%2Fmedia&parent=3757"}],"wp:term":[{"taxonomy":"category","embeddable":true,"href":"https:\/\/rsh-bonn.de\/index.php?rest_route=%2Fwp%2Fv2%2Fcategories&post=3757"},{"taxonomy":"post_tag","embeddable":true,"href":"https:\/\/rsh-bonn.de\/index.php?rest_route=%2Fwp%2Fv2%2Ftags&post=3757"}],"curies":[{"name":"wp","href":"https:\/\/api.w.org\/{rel}","templated":true}]}}