{"id":3975,"date":"2020-09-02T21:26:40","date_gmt":"2020-09-02T19:26:40","guid":{"rendered":"http:\/\/rsh-bonn.de\/?p=3975"},"modified":"2020-09-02T21:26:40","modified_gmt":"2020-09-02T19:26:40","slug":"aktualisierung-des-hygienekonzeptes-ab-01-09-2020-maskengebot-beschlossen","status":"publish","type":"post","link":"https:\/\/rsh-bonn.de\/?p=3975","title":{"rendered":"Aktualisierung des Hygienekonzeptes (ab 01.09.2020)  &#8211; Maskengebot beschlossen"},"content":{"rendered":"<p><strong><span style=\"font-family: arial, helvetica, sans-serif;\"><span style=\"font-size: 14pt;\">Aktualisierung des Hygienekonzeptes &#8211; Schulkonferenz beschlie\u00dft Maskengebot<\/span> <\/span><\/strong><\/p>\n<p><span style=\"font-family: arial, helvetica, sans-serif;\">Die Masken<u>pflicht<\/u> im Unterricht besteht seit dem 01.09.2020 in NRW nicht mehr. Die Maskenpflicht auf dem Schulgel\u00e4nde, in den Fluren und auf dem Schulhof bleibt weiter bestehen.<\/span><\/p>\n<p><span style=\"font-family: arial, helvetica, sans-serif;\">Bisher wurden mit der Maskenpflicht im Unterricht gute Erfahrungen gemacht. Sch\u00fclerinnen und Sch\u00fcler, Lehrerinnen und Lehrer und das weitere Schulpersonal haben sich sicherer gef\u00fchlt. Personen aus Risikogruppen konnten besser gesch\u00fctzt werden, bei dem Fall des Corona-erkrankten Sch\u00fclers in der vorletzten Woche wurden nur die engen Kontaktpersonen in Quarant\u00e4ne geschickt, eine Quarant\u00e4ne der ganzen Klasse konnte so vermieden werden.<\/span><\/p>\n<p><span style=\"font-family: arial, helvetica, sans-serif;\">Die Schulkonferenz hat heute bis auf Weiteres ein Masken<u>gebot<\/u>\u00a0 beschlossen. Die SuS sollen freiwillig im Unterricht &#8211; auch auf dem Sitzplatz &#8211; eine Maske tragen. Sch\u00fcler, Lehrkr\u00e4fte und alle anderen Besch\u00e4ftigten im Schulgeb\u00e4ude, die eine Vorerkrankung haben oder die Menschen in ihrer Familie sch\u00fctzen wollen, sollen sich damit sicherer f\u00fchlen.<br \/>\n<\/span><\/p>\n<p>&nbsp;<\/p>\n","protected":false},"excerpt":{"rendered":"<p>Aktualisierung des Hygienekonzeptes &#8211; Schulkonferenz beschlie\u00dft Maskengebot Die Maskenpflicht im Unterricht besteht seit dem 01.09.2020 in NRW nicht mehr. Die Maskenpflicht auf dem Schulgel\u00e4nde, in den Fluren und auf dem [&hellip;]<\/p>\n","protected":false},"author":2,"featured_media":3978,"comment_status":"closed","ping_status":"open","sticky":false,"template":"","format":"standard","meta":{"_price":"","_stock":"","_tribe_ticket_header":"","_tribe_default_ticket_provider":"","_tribe_ticket_capacity":"0","_ticket_start_date":"","_ticket_end_date":"","_tribe_ticket_show_description":"","_tribe_ticket_show_not_going":false,"_tribe_ticket_use_global_stock":"","_tribe_ticket_global_stock_level":"","_global_stock_mode":"","_global_stock_cap":"","_tribe_rsvp_for_event":"","_tribe_ticket_going_count":"","_tribe_ticket_not_going_count":"","_tribe_tickets_list":"[]","_tribe_ticket_has_attendee_info_fields":false,"_jetpack_newsletter_access":"","_jetpack_dont_email_post_to_subs":false,"_jetpack_newsletter_tier_id":0,"_jetpack_memberships_contains_paywalled_content":false,"_jetpack_feature_clip_id":0,"_jetpack_memberships_contains_paid_content":false,"footnotes":"","jetpack_post_was_ever_published":false,"_members_access_role":[],"_members_access_error":""},"categories":[1],"tags":[],"class_list":["post-3975","post","type-post","status-publish","format-standard","has-post-thumbnail","hentry","category-allgemein"],"jetpack_sharing_enabled":true,"jetpack_featured_media_url":"https:\/\/rsh-bonn.de\/wp-content\/uploads\/2020\/09\/student-5520411_1920.jpg","_links":{"self":[{"href":"https:\/\/rsh-bonn.de\/index.php?rest_route=\/wp\/v2\/posts\/3975","targetHints":{"allow":["GET"]}}],"collection":[{"href":"https:\/\/rsh-bonn.de\/index.php?rest_route=\/wp\/v2\/posts"}],"about":[{"href":"https:\/\/rsh-bonn.de\/index.php?rest_route=\/wp\/v2\/types\/post"}],"author":[{"embeddable":true,"href":"https:\/\/rsh-bonn.de\/index.php?rest_route=\/wp\/v2\/users\/2"}],"replies":[{"embeddable":true,"href":"https:\/\/rsh-bonn.de\/index.php?rest_route=%2Fwp%2Fv2%2Fcomments&post=3975"}],"version-history":[{"count":2,"href":"https:\/\/rsh-bonn.de\/index.php?rest_route=\/wp\/v2\/posts\/3975\/revisions"}],"predecessor-version":[{"id":3977,"href":"https:\/\/rsh-bonn.de\/index.php?rest_route=\/wp\/v2\/posts\/3975\/revisions\/3977"}],"wp:featuredmedia":[{"embeddable":true,"href":"https:\/\/rsh-bonn.de\/index.php?rest_route=\/wp\/v2\/media\/3978"}],"wp:attachment":[{"href":"https:\/\/rsh-bonn.de\/index.php?rest_route=%2Fwp%2Fv2%2Fmedia&parent=3975"}],"wp:term":[{"taxonomy":"category","embeddable":true,"href":"https:\/\/rsh-bonn.de\/index.php?rest_route=%2Fwp%2Fv2%2Fcategories&post=3975"},{"taxonomy":"post_tag","embeddable":true,"href":"https:\/\/rsh-bonn.de\/index.php?rest_route=%2Fwp%2Fv2%2Ftags&post=3975"}],"curies":[{"name":"wp","href":"https:\/\/api.w.org\/{rel}","templated":true}]}}