{"id":4249,"date":"2020-12-11T13:10:05","date_gmt":"2020-12-11T12:10:05","guid":{"rendered":"http:\/\/rsh-bonn.de\/?p=4249"},"modified":"2020-12-12T12:19:56","modified_gmt":"2020-12-12T11:19:56","slug":"aenderungen-im-schulbetrieb-ab-montag-14-12-2020","status":"publish","type":"post","link":"https:\/\/rsh-bonn.de\/?p=4249","title":{"rendered":"\u00c4nderungen im Schulbetrieb ab Montag, 14.12.2020"},"content":{"rendered":"<p><span style=\"font-size: 14pt;\"><strong><span style=\"font-family: arial, helvetica, sans-serif;\">\u00c4nderungen im Schulbetrieb ab Montag, 14.12.2020 &#8211;<br \/>\n<\/span><\/strong><\/span><\/p>\n<p><span style=\"font-family: arial, helvetica, sans-serif;\">Sehr geehrte Eltern und Erziehungsberechtigte,<\/span><\/p>\n<p><span style=\"font-family: arial, helvetica, sans-serif;\">liebe Sch\u00fclerinnen und Sch\u00fcler,<\/span><\/p>\n<p><span style=\"font-family: arial, helvetica, sans-serif;\">angesichts steigender Corona-Infektionszahlen hat die Landesregierung NRW kurzfristig beschlossen, dass die Pr\u00e4senzpflicht an Schulen ab gestern Mittag, 11.12.2020, f\u00fcr den Rest des Kalenderjahres beendet ist.<\/span><\/p>\n<p><span style=\"font-family: arial, helvetica, sans-serif;\"><strong><u>F\u00fcr die Jahrg\u00e4nge 5-7 und die V a\/b gilt:<\/u><\/strong><\/span><\/p>\n<p><span style=\"font-family: arial, helvetica, sans-serif;\">Sie als Eltern k\u00f6nnen entscheiden, ob Sie Ihr Kind ab Montag, 14.12., weiter zur Schule schicken oder es zu Hause lernen lassen.<\/span><\/p>\n<p><span style=\"font-family: arial, helvetica, sans-serif;\">Bitte teilen Sie der Klassenleitung in diesem Fall umgehend schriftlich mit (gerne formlos per E-Mail), ab wann Sie von dieser Befreiung Gebrauch machen m\u00f6chten. Ein Hin- und Her-Wechseln zwischen Pr\u00e4senzunterricht und Distanzlernen ist nicht m\u00f6glich. Dies ist mit Blick auf die Infektionspr\u00e4vention nicht sinnvoll.<\/span><\/p>\n<p><span style=\"font-family: arial, helvetica, sans-serif;\"><strong>Wenn ihr Kind bis zu den Ferien weiter in die Schule kommen soll, m\u00fcssen Sie nichts weiter unternehmen. <\/strong><\/span><\/p>\n<p><span style=\"font-family: arial, helvetica, sans-serif;\">N\u00e4heres zu Klassenarbeiten in der n\u00e4chsten Woche weiter unten!<\/span><\/p>\n<p><span style=\"font-family: arial, helvetica, sans-serif;\"><strong><u>F\u00fcr die Jahrg\u00e4nge 8-10 gilt:<\/u><\/strong><\/span><\/p>\n<p><span style=\"font-family: arial, helvetica, sans-serif;\">Ihre Kinder werden ab Montag, 14.12., generell <strong>im Distanzlernen<\/strong> unterrichtet, d.h. es werden von den Lehrkr\u00e4ften Aufgaben per Email verschickt. Es findet KEIN Unterricht in der Schule statt. N\u00e4heres zu Klassenarbeiten weiter unten!<\/span><\/p>\n<p><span style=\"font-family: arial, helvetica, sans-serif;\">Falls Sie keine Aufgaben bis Mittwoch erhalten haben, schreiben Sie bitte der Klassenleitung eine kurze Email (Nachname der Lehrkraft@rsh-bonn.de).<\/span><\/p>\n<p><span style=\"font-family: arial, helvetica, sans-serif;\"><strong><u>Generelles f\u00fcr ALLE Sch\u00fclerinnen und Sch\u00fcler:\u00a0<\/u><\/strong><\/span><\/p>\n<p><span style=\"font-family: arial, helvetica, sans-serif;\">Geplante Klassenarbeiten:<\/span><\/p>\n<p><span style=\"font-family: arial, helvetica, sans-serif;\">Generell d\u00fcrfen <strong>Klassenarbeiten<\/strong> weiter stattfinden. Ob die jeweilige Klassenarbeit geschrieben wird, erfahren Sie und Ihre Kinder von der Fachlehrkraft.<\/span><\/p>\n<p><span style=\"font-family: arial, helvetica, sans-serif;\">Die <strong>Schulferien<\/strong> verl\u00e4ngern sich um 2 Tage nach hinten. Schulbeginn ist voraussichtlich Montag, 11.1.2021, <strong>8.30 Uhr<\/strong>! \u00dcber weitere wichtige \u00c4nderungen informieren wir Sie &#8211; wie gehabt &#8211; \u00fcber unsere Homepage und per E-Mail.<\/span><\/p>\n<p><span style=\"font-family: arial, helvetica, sans-serif;\">Die <strong>Schulb\u00fccher<\/strong> f\u00fcr das Distanzlernen k\u00f6nnen vormittags aus den Schlie\u00dff\u00e4chern geholt werden.<\/span><\/p>\n<p><span style=\"font-family: arial, helvetica, sans-serif;\">Sollten Sie noch Fragen haben, wenden Sie sich bitte an die Klassenleitung!<\/span><\/p>\n<p><span style=\"font-family: arial, helvetica, sans-serif;\">Bleiben Sie weiterhin gesund!<\/span><\/p>\n<p><span style=\"font-family: arial, helvetica, sans-serif;\">B. Petry<\/span><\/p>\n<p>&nbsp;<\/p>\n<p><span style=\"font-family: arial, helvetica, sans-serif; font-size: 12pt;\">Stand: 12.12.20, 12.30 Uhr<\/span><\/p>\n","protected":false},"excerpt":{"rendered":"<p>\u00c4nderungen im Schulbetrieb ab Montag, 14.12.2020 &#8211; Sehr geehrte Eltern und Erziehungsberechtigte, liebe Sch\u00fclerinnen und Sch\u00fcler, angesichts steigender Corona-Infektionszahlen hat die Landesregierung NRW kurzfristig beschlossen, dass die Pr\u00e4senzpflicht an Schulen [&hellip;]<\/p>\n","protected":false},"author":2,"featured_media":3758,"comment_status":"closed","ping_status":"open","sticky":false,"template":"","format":"standard","meta":{"_price":"","_stock":"","_tribe_ticket_header":"","_tribe_default_ticket_provider":"","_tribe_ticket_capacity":"0","_ticket_start_date":"","_ticket_end_date":"","_tribe_ticket_show_description":"","_tribe_ticket_show_not_going":false,"_tribe_ticket_use_global_stock":"","_tribe_ticket_global_stock_level":"","_global_stock_mode":"","_global_stock_cap":"","_tribe_rsvp_for_event":"","_tribe_ticket_going_count":"","_tribe_ticket_not_going_count":"","_tribe_tickets_list":"[]","_tribe_ticket_has_attendee_info_fields":false,"_jetpack_newsletter_access":"","_jetpack_dont_email_post_to_subs":false,"_jetpack_newsletter_tier_id":0,"_jetpack_memberships_contains_paywalled_content":false,"_jetpack_feature_clip_id":0,"_jetpack_memberships_contains_paid_content":false,"footnotes":"","jetpack_post_was_ever_published":false,"_members_access_role":[],"_members_access_error":""},"categories":[1],"tags":[],"class_list":["post-4249","post","type-post","status-publish","format-standard","has-post-thumbnail","hentry","category-allgemein"],"jetpack_sharing_enabled":true,"jetpack_featured_media_url":"https:\/\/rsh-bonn.de\/wp-content\/uploads\/2020\/08\/news-1644696_1280.png","_links":{"self":[{"href":"https:\/\/rsh-bonn.de\/index.php?rest_route=\/wp\/v2\/posts\/4249","targetHints":{"allow":["GET"]}}],"collection":[{"href":"https:\/\/rsh-bonn.de\/index.php?rest_route=\/wp\/v2\/posts"}],"about":[{"href":"https:\/\/rsh-bonn.de\/index.php?rest_route=\/wp\/v2\/types\/post"}],"author":[{"embeddable":true,"href":"https:\/\/rsh-bonn.de\/index.php?rest_route=\/wp\/v2\/users\/2"}],"replies":[{"embeddable":true,"href":"https:\/\/rsh-bonn.de\/index.php?rest_route=%2Fwp%2Fv2%2Fcomments&post=4249"}],"version-history":[{"count":3,"href":"https:\/\/rsh-bonn.de\/index.php?rest_route=\/wp\/v2\/posts\/4249\/revisions"}],"predecessor-version":[{"id":4255,"href":"https:\/\/rsh-bonn.de\/index.php?rest_route=\/wp\/v2\/posts\/4249\/revisions\/4255"}],"wp:featuredmedia":[{"embeddable":true,"href":"https:\/\/rsh-bonn.de\/index.php?rest_route=\/wp\/v2\/media\/3758"}],"wp:attachment":[{"href":"https:\/\/rsh-bonn.de\/index.php?rest_route=%2Fwp%2Fv2%2Fmedia&parent=4249"}],"wp:term":[{"taxonomy":"category","embeddable":true,"href":"https:\/\/rsh-bonn.de\/index.php?rest_route=%2Fwp%2Fv2%2Fcategories&post=4249"},{"taxonomy":"post_tag","embeddable":true,"href":"https:\/\/rsh-bonn.de\/index.php?rest_route=%2Fwp%2Fv2%2Ftags&post=4249"}],"curies":[{"name":"wp","href":"https:\/\/api.w.org\/{rel}","templated":true}]}}