{"id":4466,"date":"2021-02-02T21:18:37","date_gmt":"2021-02-02T20:18:37","guid":{"rendered":"http:\/\/rsh-bonn.de\/?p=4466"},"modified":"2021-02-02T21:31:47","modified_gmt":"2021-02-02T20:31:47","slug":"ipad-ausleihe-startet-naechste-woche","status":"publish","type":"post","link":"https:\/\/rsh-bonn.de\/?p=4466","title":{"rendered":"iPad &#8211; Ausleihe startet n\u00e4chste Woche"},"content":{"rendered":"<p><strong><span style=\"font-family: arial, helvetica, sans-serif; font-size: 14pt;\">Ausleihe von iPads f\u00fcr das Distanzlernen &#8211;<br \/>\n<\/span><\/strong><\/p>\n<p><span style=\"font-family: arial, helvetica, sans-serif;\">Liebe Sch\u00fclerinnen und Sch\u00fcler der RSH, liebe Eltern und Erziehungsberechtigte, <\/span><\/p>\n<p><span style=\"font-family: arial, helvetica, sans-serif;\">die Stadt Bonn als Schultr\u00e4ger erm\u00f6glicht die Ausleihe einer begrenzten Anzahl von iPads f\u00fcr das Distanzlernen zuhause. <\/span><\/p>\n<p><span style=\"font-family: arial, helvetica, sans-serif;\">Sollte es mehr Antr\u00e4ge als verf\u00fcgbare Ger\u00e4te geben, entscheidet das Los \u00fcber die Zuteilung. Aus diesem Grund bitten wir Sie, die Ger\u00e4te nur im tats\u00e4chlichen \u201eNotfall\u201c zu beantragen.<\/span><\/p>\n<p><span style=\"font-family: arial, helvetica, sans-serif;\"><strong>Wer kann ein Ger\u00e4t beantragen?<\/strong><\/span><\/p>\n<p><span style=\"font-family: arial, helvetica, sans-serif;\">Sch\u00fclerinnen und Sch\u00fcler der RSH, die im Moment zuhause noch keine guten Bedingungen f\u00fcr den Distanzunterricht vorfinden \u2013 weil sie entweder <strong>gar kein Ger\u00e4t<\/strong> mit ausreichend gro\u00dfem Bildschirm haben oder es sich mit <strong>mehreren Familienmitgliedern teilen<\/strong> m\u00fcssen, k\u00f6nnen ein RSH-iPad mit H\u00fclle und Ladekabel beantragen.<\/span><\/p>\n<p><span style=\"font-family: arial, helvetica, sans-serif;\"><strong>Was muss ich tun, wenn ich ein Ger\u00e4t beantragen m\u00f6chte?<\/strong><\/span><\/p>\n<p><span style=\"font-family: arial, helvetica, sans-serif;\">Die Erziehungsberechtigten melden sich bitte bis <span style=\"color: #ff0000;\">Donnerstag, 04.02.21, um12.00<\/span> <span style=\"color: #ff0000;\">Uhr <\/span>bei der Klassenleitung.<\/span><\/p>\n<p><span style=\"font-family: arial, helvetica, sans-serif;\"><strong>Wie geht es danach weiter? <\/strong><\/span><\/p>\n<p><span style=\"font-family: arial, helvetica, sans-serif;\">Sie erhalten einen Leihvertrag, der von einem Elternteil unterschrieben werden muss und kommen das Ger\u00e4t in der Schule nach einer Terminvereinbarung abholen. Sollte zuhause nicht gedruckt werden k\u00f6nnen, k\u00f6nnen die Erziehungsberechtigten den Leihvertrag auch bei der Ausgabe pers\u00f6nlich in der Schule ausf\u00fcllen und unterschreiben.<\/span><\/p>\n<p><span style=\"font-family: arial, helvetica, sans-serif;\"><strong>Was muss sonst noch beachtet werden? <\/strong><\/span><\/p>\n<p><span style=\"font-family: arial, helvetica, sans-serif;\">Die Ger\u00e4te m\u00fcssen nat\u00fcrlich pfleglich behandelt werden. Die Eltern haften gem. dem Leihvertrag f\u00fcr eine Besch\u00e4digung der Ger\u00e4te und m\u00fcssen bei Verlust oder Besch\u00e4digung den Schaden ersetzen.<\/span><\/p>\n<p><span style=\"font-family: arial, helvetica, sans-serif;\">Viel Spa\u00df beim Lernen!<\/span><\/p>\n<p><span style=\"font-family: arial, helvetica, sans-serif;\">B. Petry<\/span><\/p>\n<p><span style=\"font-family: arial, helvetica, sans-serif;\">Schulleiter<\/span><\/p>\n","protected":false},"excerpt":{"rendered":"<p>Ausleihe von iPads f\u00fcr das Distanzlernen &#8211; Liebe Sch\u00fclerinnen und Sch\u00fcler der RSH, liebe Eltern und Erziehungsberechtigte, die Stadt Bonn als Schultr\u00e4ger erm\u00f6glicht die Ausleihe einer begrenzten Anzahl von iPads [&hellip;]<\/p>\n","protected":false},"author":2,"featured_media":4471,"comment_status":"closed","ping_status":"open","sticky":false,"template":"","format":"standard","meta":{"_price":"","_stock":"","_tribe_ticket_header":"","_tribe_default_ticket_provider":"","_tribe_ticket_capacity":"0","_ticket_start_date":"","_ticket_end_date":"","_tribe_ticket_show_description":"","_tribe_ticket_show_not_going":false,"_tribe_ticket_use_global_stock":"","_tribe_ticket_global_stock_level":"","_global_stock_mode":"","_global_stock_cap":"","_tribe_rsvp_for_event":"","_tribe_ticket_going_count":"","_tribe_ticket_not_going_count":"","_tribe_tickets_list":"[]","_tribe_ticket_has_attendee_info_fields":false,"_jetpack_newsletter_access":"","_jetpack_dont_email_post_to_subs":false,"_jetpack_newsletter_tier_id":0,"_jetpack_memberships_contains_paywalled_content":false,"_jetpack_feature_clip_id":0,"_jetpack_memberships_contains_paid_content":false,"footnotes":"","jetpack_post_was_ever_published":false,"_members_access_role":[],"_members_access_error":""},"categories":[1],"tags":[],"class_list":["post-4466","post","type-post","status-publish","format-standard","has-post-thumbnail","hentry","category-allgemein"],"jetpack_sharing_enabled":true,"jetpack_featured_media_url":"https:\/\/rsh-bonn.de\/wp-content\/uploads\/2021\/02\/lok.jpg","_links":{"self":[{"href":"https:\/\/rsh-bonn.de\/index.php?rest_route=\/wp\/v2\/posts\/4466","targetHints":{"allow":["GET"]}}],"collection":[{"href":"https:\/\/rsh-bonn.de\/index.php?rest_route=\/wp\/v2\/posts"}],"about":[{"href":"https:\/\/rsh-bonn.de\/index.php?rest_route=\/wp\/v2\/types\/post"}],"author":[{"embeddable":true,"href":"https:\/\/rsh-bonn.de\/index.php?rest_route=\/wp\/v2\/users\/2"}],"replies":[{"embeddable":true,"href":"https:\/\/rsh-bonn.de\/index.php?rest_route=%2Fwp%2Fv2%2Fcomments&post=4466"}],"version-history":[{"count":2,"href":"https:\/\/rsh-bonn.de\/index.php?rest_route=\/wp\/v2\/posts\/4466\/revisions"}],"predecessor-version":[{"id":4469,"href":"https:\/\/rsh-bonn.de\/index.php?rest_route=\/wp\/v2\/posts\/4466\/revisions\/4469"}],"wp:featuredmedia":[{"embeddable":true,"href":"https:\/\/rsh-bonn.de\/index.php?rest_route=\/wp\/v2\/media\/4471"}],"wp:attachment":[{"href":"https:\/\/rsh-bonn.de\/index.php?rest_route=%2Fwp%2Fv2%2Fmedia&parent=4466"}],"wp:term":[{"taxonomy":"category","embeddable":true,"href":"https:\/\/rsh-bonn.de\/index.php?rest_route=%2Fwp%2Fv2%2Fcategories&post=4466"},{"taxonomy":"post_tag","embeddable":true,"href":"https:\/\/rsh-bonn.de\/index.php?rest_route=%2Fwp%2Fv2%2Ftags&post=4466"}],"curies":[{"name":"wp","href":"https:\/\/api.w.org\/{rel}","templated":true}]}}