{"id":4748,"date":"2021-04-08T19:48:15","date_gmt":"2021-04-08T17:48:15","guid":{"rendered":"https:\/\/rsh-bonn.de\/?p=4748"},"modified":"2021-04-11T20:21:02","modified_gmt":"2021-04-11T18:21:02","slug":"ab-montag-distanzunterricht-fuer-die-jahrgaenge-5-9","status":"publish","type":"post","link":"https:\/\/rsh-bonn.de\/?p=4748","title":{"rendered":"Ab Montag 12.04.: Distanzunterricht f\u00fcr die Jahrg\u00e4nge 5-9"},"content":{"rendered":"<p><strong><span style=\"font-size: 14pt;\">Ab Montag 12.04. : Distanzunterricht f\u00fcr die Jahrg\u00e4nge 5-9, der Wechselunterricht f\u00fcr den 10. Jahrgang geht aber weiter und die Notbetreuung (Jg. 5 u. 6) findet wie gehabt statt <span style=\"color: #ff0000;\">(KLICK: <a style=\"color: #ff0000;\" href=\"https:\/\/rsh-bonn.de\/wp-content\/uploads\/2021\/04\/Anlage-zur-Anmeldung-Betreuung-ab-dem-12.04.2021.pdf\" target=\"_blank\" rel=\"noopener\">NEU-Anmeldung Notbetreuung<\/a>)<\/span><br \/>\n<\/span><\/strong><\/p>\n<p>Das Schulministerium teilte heute (8.4.21) mit:<\/p>\n<p>Ab dem kommenden Montag werden alle Schulen in Nordrhein-Westfalen in den Schulbetrieb nach den Osterferien zun\u00e4chst f\u00fcr eine Woche im Distanzunterricht starten. \u201eDas bis dato immer noch unsicher einzusch\u00e4tzende und schwer zu bewertende Infektionsgeschehen nach der ersten Osterferienwoche und dem Osterfest mit diffusen Infektionsausbr\u00fcchen erfordert eine Anpassung des Schulbetriebes in der kommenden Woche. Deswegen hat die Landesregierung f\u00fcr alle Schulformen und alle Sch\u00fclerinnen und Sch\u00fcler entschieden, begrenzt f\u00fcr die eine Woche nach den Osterferien, Distanzunterricht vorzusehen. Ausgenommen bleiben die Sch\u00fclerinnen und Sch\u00fcler in den Abschlussklassen der Sekundarstufe I und der Sekundarstufe II inklusive der Qualifikationsphase 1, die sich weiterhin auch im Pr\u00e4senzunterricht auf die Pr\u00fcfungen vorbereiten k\u00f6nnen\u201c, so Schul- und Bildungsministerin Yvonne Gebauer.<\/p>\n<p>Ab dem 19. April 2021 soll der Unterricht an den Schulen dann \u2013 sofern es das Infektionsgeschehen zul\u00e4sst \u2013 wieder mit Pr\u00e4senzanteilen (Wechselunterricht) fortgesetzt werden. Die Durchf\u00fchrung des Pr\u00e4senzunterrichts ab diesem Zeitpunkt erfordert weiterhin unsere strengen Vorgaben zur Hygiene und zum Infektionsschutz sowie ein Fortschreiten des Impfens. Dies soll auch durch ein Vorziehen der Impfungen f\u00fcr Grundschullehrerinnen und -lehrer, die bislang noch keine Impfung erhalten haben, erfolgen.<\/p>\n<p>Im Pr\u00e4senzbetrieb der Schulen wird es eine grunds\u00e4tzliche Testpflicht in den Schulen mit w\u00f6chentlich zweimaligen Selbsttests f\u00fcr Sch\u00fclerinnen und Sch\u00fcler, Lehrkr\u00e4fte und weiteres Personal an den Schulen geben.<\/p>\n<p>Die Testpflicht wird in der CoronaBetreuungsverordnung geregelt: K\u00fcnftig ist der Besuch der Schule an die Voraussetzung gekn\u00fcpft, an w\u00f6chentlich zwei Coronaselbsttests teilgenommen zu haben und ein negatives Testergebnis vorweisen zu k\u00f6nnen. Die Testpflicht gilt f\u00fcr Sch\u00fclerinnen und Sch\u00fcler, Lehrerinnen und Lehrer und f\u00fcr sonstiges an der Schule t\u00e4tiges Personal gleicherma\u00dfen. Die Pflicht zur Durchf\u00fchrung der Selbsttests wird f\u00fcr die Sch\u00fclerinnen und Sch\u00fcler in der Schule erf\u00fcllt. Alternativ ist m\u00f6glich, die negative Testung durch eine Teststelle nachzuweisen (B\u00fcrgertest), die h\u00f6chstens 48 Stunden zur\u00fcckliegt. Sch\u00fclerinnen und Sch\u00fcler, die der Testpflicht nicht nachkommen, k\u00f6nnen nicht am Pr\u00e4senzunterricht teilnehmen. F\u00fcr Sch\u00fclerinnen und Sch\u00fcler mit Bedarf an sonderp\u00e4dagogischer Unterst\u00fctzung gilt: Die Schulleiterin oder der Schulleiter kann zulassen, dass Coronaselbsttests f\u00fcr zuhause unter elterlicher Aufsicht stattfinden. In diesem Fall m\u00fcssen die Eltern das negative Ergebnis schriftlich versichern. Insbesondere die Grundschulen sowie die Primarstufen der F\u00f6rderschulen k\u00f6nnen sich in der kommenden Woche vor allem organisatorisch auf die Testungen vorbereiten.<\/p>\n<p>Die Landesregierung geht von einem w\u00f6chentlichen Bedarf von 5,5 Millionen Selbsttests f\u00fcr die Schulen aus, deren Versand an die Schulen heute begonnen hat und auch f\u00fcr die kommenden Wochen so vorgesehen ist. Hierzu hat die Landesregierung alle notwendigen Ma\u00dfnahmen getroffen. Die ausreichende Belieferung aller Schulen mit der notwendigen Menge an Selbsttests soll nach den bereits Belieferungsproblemen des Logistikunternehmens voraussichtlich bis Ende dieser Woche.<\/p>\n<p>\u201eDer Schulstart nach den Osterferien beginnt im Distanzunterricht. Dabei ist eine Notbetreuung f\u00fcr die Klassen 1 bis 6 sichergestellt. Mit der Testpflicht werden wir k\u00fcnftig beste Voraussetzungen f\u00fcr das danach wieder einsetzende Wechselmodell schaffen. F\u00fcr die Familien in Nordrhein-Westfalen ist es ein wichtiges Signal, dass w\u00e4hrend der Pandemie f\u00fcr die Landesregierung die Sicherheit aller am Schulleben Beteiligten Priorit\u00e4t hat und sie gleichzeitig alles daransetzt, Bildungs- und Betreuungsangebote sicherzustellen. Als Schul- und Bildungsministerin bin ich nach wie vor der \u00dcberzeugung, dass unsere Schulen im Interesse unserer Kinder als erstes ge\u00f6ffnet und als letztes geschlossen werden sollen. Eine Woche der Vorsicht ist angesichts der aktuellen Lage angemessen und in den Augen der Landesregierung notwendig\u201c, so Schul- und Bildungsministerin Yvonne Gebauer.<br \/>\n\u00dcber diese Regelungen wird das Ministerium f\u00fcr Schule und Bildung die Schulen im Rahmen einer Schulmail zeitnah informieren.<\/p>\n","protected":false},"excerpt":{"rendered":"<p>Ab Montag 12.04. : Distanzunterricht f\u00fcr die Jahrg\u00e4nge 5-9, der Wechselunterricht f\u00fcr den 10. Jahrgang geht aber weiter und die Notbetreuung (Jg. 5 u. 6) findet wie gehabt statt (KLICK: [&hellip;]<\/p>\n","protected":false},"author":2,"featured_media":3758,"comment_status":"closed","ping_status":"open","sticky":false,"template":"","format":"standard","meta":{"_price":"","_stock":"","_tribe_ticket_header":"","_tribe_default_ticket_provider":"","_tribe_ticket_capacity":"0","_ticket_start_date":"","_ticket_end_date":"","_tribe_ticket_show_description":"","_tribe_ticket_show_not_going":false,"_tribe_ticket_use_global_stock":"","_tribe_ticket_global_stock_level":"","_global_stock_mode":"","_global_stock_cap":"","_tribe_rsvp_for_event":"","_tribe_ticket_going_count":"","_tribe_ticket_not_going_count":"","_tribe_tickets_list":"[]","_tribe_ticket_has_attendee_info_fields":false,"_jetpack_newsletter_access":"","_jetpack_dont_email_post_to_subs":false,"_jetpack_newsletter_tier_id":0,"_jetpack_memberships_contains_paywalled_content":false,"_jetpack_feature_clip_id":0,"_jetpack_memberships_contains_paid_content":false,"footnotes":"","jetpack_post_was_ever_published":false,"_members_access_role":[],"_members_access_error":""},"categories":[1],"tags":[],"class_list":["post-4748","post","type-post","status-publish","format-standard","has-post-thumbnail","hentry","category-allgemein"],"jetpack_sharing_enabled":true,"jetpack_featured_media_url":"https:\/\/rsh-bonn.de\/wp-content\/uploads\/2020\/08\/news-1644696_1280.png","_links":{"self":[{"href":"https:\/\/rsh-bonn.de\/index.php?rest_route=\/wp\/v2\/posts\/4748","targetHints":{"allow":["GET"]}}],"collection":[{"href":"https:\/\/rsh-bonn.de\/index.php?rest_route=\/wp\/v2\/posts"}],"about":[{"href":"https:\/\/rsh-bonn.de\/index.php?rest_route=\/wp\/v2\/types\/post"}],"author":[{"embeddable":true,"href":"https:\/\/rsh-bonn.de\/index.php?rest_route=\/wp\/v2\/users\/2"}],"replies":[{"embeddable":true,"href":"https:\/\/rsh-bonn.de\/index.php?rest_route=%2Fwp%2Fv2%2Fcomments&post=4748"}],"version-history":[{"count":12,"href":"https:\/\/rsh-bonn.de\/index.php?rest_route=\/wp\/v2\/posts\/4748\/revisions"}],"predecessor-version":[{"id":4783,"href":"https:\/\/rsh-bonn.de\/index.php?rest_route=\/wp\/v2\/posts\/4748\/revisions\/4783"}],"wp:featuredmedia":[{"embeddable":true,"href":"https:\/\/rsh-bonn.de\/index.php?rest_route=\/wp\/v2\/media\/3758"}],"wp:attachment":[{"href":"https:\/\/rsh-bonn.de\/index.php?rest_route=%2Fwp%2Fv2%2Fmedia&parent=4748"}],"wp:term":[{"taxonomy":"category","embeddable":true,"href":"https:\/\/rsh-bonn.de\/index.php?rest_route=%2Fwp%2Fv2%2Fcategories&post=4748"},{"taxonomy":"post_tag","embeddable":true,"href":"https:\/\/rsh-bonn.de\/index.php?rest_route=%2Fwp%2Fv2%2Ftags&post=4748"}],"curies":[{"name":"wp","href":"https:\/\/api.w.org\/{rel}","templated":true}]}}