{"id":4787,"date":"2021-04-15T22:39:20","date_gmt":"2021-04-15T20:39:20","guid":{"rendered":"https:\/\/rsh-bonn.de\/?p=4787"},"modified":"2021-04-16T12:12:42","modified_gmt":"2021-04-16T10:12:42","slug":"ab-montag-19-04-wechselunterricht-fuer-die-jahrgaenge-5-10-start-mit-gruppe-b","status":"publish","type":"post","link":"https:\/\/rsh-bonn.de\/?p=4787","title":{"rendered":"Ab Montag 19.04.: Wechselunterricht f\u00fcr die Jahrg\u00e4nge 5-10 &#8211; Start mit Gruppe B"},"content":{"rendered":"<p><strong><span style=\"font-family: arial, helvetica, sans-serif; font-size: 14pt;\">An dieser Stelle erfahren Sie weitere Einzelheiten ab Freitagvormittag, 16.04.21.<\/span><\/strong><\/p>\n<p><span style=\"font-family: arial, helvetica, sans-serif;\">Sehr geehrte Eltern und Erziehungsberechtigte,<\/span><\/p>\n<p><span style=\"font-family: arial, helvetica, sans-serif;\">liebe Sch\u00fclerinnen und Sch\u00fcler,<\/span><\/p>\n<p><span style=\"font-family: arial, helvetica, sans-serif;\">Im Folgenden erhalten Sie und ihr aktuelle Informationen zur Unterrichtssituation ab Montag, 19.04.21:<\/span><\/p>\n<p><span style=\"font-family: arial, helvetica, sans-serif;\"><strong>Unterricht mit Testpflicht f\u00fcr die Jahrg\u00e4nge 5-10\u00a0 in Pr\u00e4senz in halben Klassen \u2013 Situation wie vor den Osterferien<\/strong><\/span><br \/>\n<span style=\"font-family: arial, helvetica, sans-serif;\">Die Jahrg\u00e4nge 5-10 erhalten n\u00e4chste Woche Pr\u00e4senzunterricht, sofern sich die Sch\u00fclerinnen und Sch\u00fcler in der Schule selbst testen. Am Montag starten die Sch\u00fclerinnen und Sch\u00fcler der <strong>Gruppe B!<\/strong><\/span><\/p>\n<p><span style=\"font-family: arial, helvetica, sans-serif;\"><strong>F\u00fcr die \u00a0Jahrg\u00e4nge 8 und 9 beginnt am Montag und Dienstag der Unterricht erst zur 2. Stunde (9.15 Uhr)!<\/strong><\/span><\/p>\n<p><span style=\"font-family: arial, helvetica, sans-serif;\"><strong>Erweiterte p\u00e4dagogische Betreuung<\/strong><\/span><br \/>\n<span style=\"font-family: arial, helvetica, sans-serif;\">F\u00fcr die Jahrg\u00e4nge 5 und 6 findet von 08:30 bis 13:30 Uhr eine Betreuung statt. Sollte Ihr Kind bis vor den Osterferien oder in dieser Woche an den Tagen, an denen kein Pr\u00e4senzunterricht stattgefunden hat,\u00a0 daran teilgenommen haben und der Bedarf weiter bestehen, brauchen Sie nichts weiter zu unternehmen. Sie k\u00f6nnen Ihr Kind dann an diesen Tagen in die Schule schicken. Sollte ein neuer Bedarf entstanden sein, wenden Sie sich bitte an die Klassenleitung.<\/span><\/p>\n<p><span style=\"font-family: arial, helvetica, sans-serif;\"><strong>Testpflicht &#8211; 2 Selbsttests pro Woche <\/strong><\/span><br \/>\n<span style=\"font-family: arial, helvetica, sans-serif;\">Alle Sch\u00fclerinnen und Sch\u00fcler, die ab Montag am Pr\u00e4senzunterricht oder der Notbetreuung teilnehmen, m\u00fcssen sich zweimal pro Woche unter Aufsicht in der Schule selbst testen. Alternativ kann die Bescheinigung eines sogenannten &#8222;B\u00fcrgertests&#8220; vorgelegt werden, der negativ ist und nicht \u00e4lter als 48 Stunden sein darf.<\/span><br \/>\n<span style=\"font-family: arial, helvetica, sans-serif;\"><strong>Alle Sch\u00fclerinnen und Sch\u00fcler, die der\u00a0Testpflicht nicht nachkommen, d\u00fcrfen nicht am Pr\u00e4senzunterricht teilnehmen und haben keinen Anspruch auf individuellen Distanzunterricht.<\/strong><\/span><\/p>\n<p><span style=\"font-family: arial, helvetica, sans-serif;\"><strong>\u00a0<\/strong><\/span><span style=\"font-family: arial, helvetica, sans-serif;\"><strong>Verhalten\u00a0 nach einem positiven Selbsttest<\/strong><\/span><\/p>\n<p><span style=\"font-family: arial, helvetica, sans-serif;\">Sollte ein Selbsttest positiv ausfallen, handelt es sich zuerst einmal um einen Corona-Verdachtsfall, der durch einen PCR-Test beim Kinder- oder Hausarzt\/ im Testzentrum abgekl\u00e4rt werden muss. In diesem Fall werden die Eltern telefonisch informiert und m\u00fcssen ihr Kind umgehend in der Schule abholen kommen. Wir m\u00fcssen den positiven Test an das Gesundheitsamt melden.<\/span><\/p>\n<p><span style=\"font-family: arial, helvetica, sans-serif;\"><strong>Verhalten nach einem negativen Testergebnis<\/strong><\/span><\/p>\n<p><span style=\"font-family: arial, helvetica, sans-serif;\">Insbesondere, wenn eine niedrige Viruslast vorliegt, wie z. B. in der fr\u00fchen Phase (etwa in den ersten f\u00fcnf Tagen) nach einer Ansteckung oder ab der zweiten Woche nach Symptombeginn kann ein Selbsttest negativ sein, obwohl eine Infektion vorliegt. Die Personen k\u00f6nnen dann ansteckend f\u00fcr andere Menschen sein.<\/span><\/p>\n<p><span style=\"font-family: arial, helvetica, sans-serif;\"><strong>Aus diesem Grund ist es wichtig, dass sich alle weiterhin an die bekannten Hygienema\u00dfnahmen halten! <\/strong><\/span><\/p>\n<p><span style=\"font-family: arial, helvetica, sans-serif;\">Wir freuen uns, Ihre Kinder bzw. euch in der n\u00e4chsten Woche alle wiederzusehen!<\/span><\/p>\n","protected":false},"excerpt":{"rendered":"<p>An dieser Stelle erfahren Sie weitere Einzelheiten ab Freitagvormittag, 16.04.21. Sehr geehrte Eltern und Erziehungsberechtigte, liebe Sch\u00fclerinnen und Sch\u00fcler, Im Folgenden erhalten Sie und ihr aktuelle Informationen zur Unterrichtssituation ab [&hellip;]<\/p>\n","protected":false},"author":2,"featured_media":4790,"comment_status":"closed","ping_status":"open","sticky":false,"template":"","format":"standard","meta":{"_price":"","_stock":"","_tribe_ticket_header":"","_tribe_default_ticket_provider":"","_tribe_ticket_capacity":"0","_ticket_start_date":"","_ticket_end_date":"","_tribe_ticket_show_description":"","_tribe_ticket_show_not_going":false,"_tribe_ticket_use_global_stock":"","_tribe_ticket_global_stock_level":"","_global_stock_mode":"","_global_stock_cap":"","_tribe_rsvp_for_event":"","_tribe_ticket_going_count":"","_tribe_ticket_not_going_count":"","_tribe_tickets_list":"[]","_tribe_ticket_has_attendee_info_fields":false,"_jetpack_newsletter_access":"","_jetpack_dont_email_post_to_subs":false,"_jetpack_newsletter_tier_id":0,"_jetpack_memberships_contains_paywalled_content":false,"_jetpack_feature_clip_id":0,"_jetpack_memberships_contains_paid_content":false,"footnotes":"","jetpack_post_was_ever_published":false,"_members_access_role":[],"_members_access_error":""},"categories":[1],"tags":[],"class_list":["post-4787","post","type-post","status-publish","format-standard","has-post-thumbnail","hentry","category-allgemein"],"jetpack_sharing_enabled":true,"jetpack_featured_media_url":"https:\/\/rsh-bonn.de\/wp-content\/uploads\/2021\/04\/news-II.jpg","_links":{"self":[{"href":"https:\/\/rsh-bonn.de\/index.php?rest_route=\/wp\/v2\/posts\/4787","targetHints":{"allow":["GET"]}}],"collection":[{"href":"https:\/\/rsh-bonn.de\/index.php?rest_route=\/wp\/v2\/posts"}],"about":[{"href":"https:\/\/rsh-bonn.de\/index.php?rest_route=\/wp\/v2\/types\/post"}],"author":[{"embeddable":true,"href":"https:\/\/rsh-bonn.de\/index.php?rest_route=\/wp\/v2\/users\/2"}],"replies":[{"embeddable":true,"href":"https:\/\/rsh-bonn.de\/index.php?rest_route=%2Fwp%2Fv2%2Fcomments&post=4787"}],"version-history":[{"count":5,"href":"https:\/\/rsh-bonn.de\/index.php?rest_route=\/wp\/v2\/posts\/4787\/revisions"}],"predecessor-version":[{"id":4795,"href":"https:\/\/rsh-bonn.de\/index.php?rest_route=\/wp\/v2\/posts\/4787\/revisions\/4795"}],"wp:featuredmedia":[{"embeddable":true,"href":"https:\/\/rsh-bonn.de\/index.php?rest_route=\/wp\/v2\/media\/4790"}],"wp:attachment":[{"href":"https:\/\/rsh-bonn.de\/index.php?rest_route=%2Fwp%2Fv2%2Fmedia&parent=4787"}],"wp:term":[{"taxonomy":"category","embeddable":true,"href":"https:\/\/rsh-bonn.de\/index.php?rest_route=%2Fwp%2Fv2%2Fcategories&post=4787"},{"taxonomy":"post_tag","embeddable":true,"href":"https:\/\/rsh-bonn.de\/index.php?rest_route=%2Fwp%2Fv2%2Ftags&post=4787"}],"curies":[{"name":"wp","href":"https:\/\/api.w.org\/{rel}","templated":true}]}}