{"id":4918,"date":"2021-05-19T20:42:19","date_gmt":"2021-05-19T18:42:19","guid":{"rendered":"https:\/\/rsh-bonn.de\/?p=4918"},"modified":"2021-05-19T20:42:19","modified_gmt":"2021-05-19T18:42:19","slug":"ministerin-gebauer-praesenzunterricht-bei-inzidenz-unter-100-ist-ein-wichtiges-stueck-normalitaet-fuer-kinder-jugendliche-und-familien","status":"publish","type":"post","link":"https:\/\/rsh-bonn.de\/?p=4918","title":{"rendered":"Ministerin Gebauer: Pr\u00e4senzunterricht bei Inzidenz unter 100 ist ein wichtiges St\u00fcck Normalit\u00e4t f\u00fcr Kinder, Jugendliche und Familien"},"content":{"rendered":"<div class=\"press__header-paragraphs skin--background-primary skin--font-header row\">\n<div class=\"content-header__text col-xs-12\">\n<div class=\"press__teaser-text\">\n<p class=\"aTopic\"><strong><span style=\"font-family: arial, helvetica, sans-serif; font-size: 14pt;\">Weiterer Schulbetrieb ab dem 31. Mai 2021 &#8211;<br \/>\n<\/span><\/strong><\/p>\n<\/div>\n<\/div>\n<\/div>\n<div class=\"press__content-paragraphs content\">\n<div id=\"paragraph_text_52889\" class=\"paragraph text default clearfix\">\n<div class=\"paragraph__content\">\n<p><span style=\"font-family: arial, helvetica, sans-serif;\"><strong>Das Ministerium f\u00fcr Schule und Bildung teilt mit:<\/strong><\/span><\/p>\n<p><span style=\"font-family: arial, helvetica, sans-serif;\">Nach geltendem Infektionsschutzgesetz des Bundes muss in den Kreisen und kreisfreien St\u00e4dten ab einer Inzidenz von 165 Distanzunterricht erteilt werden; bei einer Inzidenz von weniger als 165 darf Wechselunterricht und ab einer Inzidenz von unter 100 Pr\u00e4senzunterricht stattfinden. Die anhaltend sinkenden Corona-Infektionszahlen f\u00fchren dazu, dass mittlerweile mehr als die H\u00e4lfte der Kreise und kreisfreien St\u00e4dte in Nordrhein-Westfalen eine stabile Inzidenz von unter 100 aufweisen. Es ist angesichts der derzeitigen Entwicklung davon auszugehen, dass sich bis Ende Mai diese Zahl noch deutlich erh\u00f6ht. Die Landesregierung hat stets betont, das Infektionsgeschehen aufmerksam zu beobachten und alle weiteren Entscheidungen zum Schulbetrieb vor dem Hintergrund der Infektionslage zu treffen. Ab Montag, den 31. Mai 2021, kehren alle Schulen aller Schulformen bei einer stabilen Inzidenz unter 100 in einem Kreis oder einer kreisfreien Stadt vom Wechselunterricht zum Pr\u00e4senzunterricht zur\u00fcck. Damit wird f\u00fcr die verbleibenden f\u00fcnf Schulwochen bis zum Beginn der Sommerferien am 2. Juli 2021 Pr\u00e4senzunterricht f\u00fcr alle Sch\u00fclerinnen und Sch\u00fcler erteilt. Die bestehenden strikten Hygienevorgaben in den Schulen und auch die Masken- und Testpflicht gelten selbstverst\u00e4ndlich weiterhin.<\/span><\/p>\n<p><span style=\"font-family: arial, helvetica, sans-serif;\">Schul- und Bildungsministerin Yvonne Gebauer erkl\u00e4rte dazu: \u201eDie Entscheidung der Landesregierung mehrere Wochen vor den Sommerferien wieder zum angepassten Pr\u00e4senzunterricht zur\u00fcckzukehren, ist ein wichtiges Signal f\u00fcr die Familien und insbesondere die Sch\u00fclerinnen und Sch\u00fcler. Es ist f\u00fcr die Landesregierung stets selbstverst\u00e4ndlich gewesen, dass wir bei sinkenden Infektionszahlen auch wieder mehr Pr\u00e4senzunterricht erm\u00f6glichen wollen. F\u00fcr mich pers\u00f6nlich haben die Entwicklung der Kinder und ihre Bildungschancen Priorit\u00e4t bei gleichzeitig gr\u00f6\u00dftm\u00f6glichem Gesundheitsschutz in den Schulen. Kinder brauchen Kinder. Kinder brauchen Bildung. Kinder brauchen Strukturen und wieder mehr regul\u00e4ren Alltag. Ich bin am heutigen Tage zuversichtlich, dass wir durch Sch\u00fctzen, Testen und Impfen der Lehrkr\u00e4fte den jungen Menschen und der gesamten Schulgemeinschaft zum Schuljahresende ein wichtiges St\u00fcck Normalit\u00e4t zur\u00fcckgeben k\u00f6nnen.\u201c<\/span><\/p>\n<p><span style=\"font-family: arial, helvetica, sans-serif;\">Die Schulen und die Schultr\u00e4ger haben zusammen mit Experten sehr intensiv gut funktionierende und abgestimmte Hygienekonzepte erarbeitet und immer weiter verbessert. Neben den Infektions- und Hygieneschutzkonzepten an den Schulen, die die Landesregierung umfangreich unterst\u00fctzt hat, setzt die Landesregierung zur Absicherung des Pr\u00e4senzunterrichts als weiteren zentralen Baustein auf die Testpflicht in Schulen. Seit dem Fr\u00fchjahr werden regelm\u00e4\u00dfig mindestens zwei Mal w\u00f6chentlich alle Sch\u00fclerinnen und Sch\u00fcler sowie die Lehrkr\u00e4fte in Pr\u00e4senz getestet. Mit neuen Testverfahren f\u00fcr die Grund- und F\u00f6rderschulen konnten die Testverfahren in den Schulen in den letzten Wochen weiter ausdifferenziert und optimiert werden.<\/span><\/p>\n<p><span style=\"font-family: arial, helvetica, sans-serif;\">Die Schulen werden noch heute mit einer Schulmail \u00fcber den geplanten weiteren Schulbetrieb und die damit verbundenen Fragen informiert. Zum Ende der Woche wird mit dem Auslaufen der aktuellen Fassung die Corona-Betreuungsverordnung entsprechend angepasst, so dass die rechtlichen Grundlagen f\u00fcr den Schulbetrieb ab dem 31. Mai 2021 feststehen. Die Schulen, aber auch Lehrkr\u00e4fte und Eltern haben so ausreichend Gelegenheit, sich auf die erforderlichen \u00c4nderungen im Schulbetrieb einzustellen.<\/span><\/p>\n<\/div>\n<\/div>\n<\/div>\n","protected":false},"excerpt":{"rendered":"<p>Weiterer Schulbetrieb ab dem 31. Mai 2021 &#8211; Das Ministerium f\u00fcr Schule und Bildung teilt mit: Nach geltendem Infektionsschutzgesetz des Bundes muss in den Kreisen und kreisfreien St\u00e4dten ab einer [&hellip;]<\/p>\n","protected":false},"author":2,"featured_media":4790,"comment_status":"closed","ping_status":"open","sticky":false,"template":"","format":"standard","meta":{"_price":"","_stock":"","_tribe_ticket_header":"","_tribe_default_ticket_provider":"","_tribe_ticket_capacity":"0","_ticket_start_date":"","_ticket_end_date":"","_tribe_ticket_show_description":"","_tribe_ticket_show_not_going":false,"_tribe_ticket_use_global_stock":"","_tribe_ticket_global_stock_level":"","_global_stock_mode":"","_global_stock_cap":"","_tribe_rsvp_for_event":"","_tribe_ticket_going_count":"","_tribe_ticket_not_going_count":"","_tribe_tickets_list":"[]","_tribe_ticket_has_attendee_info_fields":false,"_jetpack_newsletter_access":"","_jetpack_dont_email_post_to_subs":false,"_jetpack_newsletter_tier_id":0,"_jetpack_memberships_contains_paywalled_content":false,"_jetpack_feature_clip_id":0,"_jetpack_memberships_contains_paid_content":false,"footnotes":"","jetpack_post_was_ever_published":false,"_members_access_role":[],"_members_access_error":""},"categories":[1],"tags":[],"class_list":["post-4918","post","type-post","status-publish","format-standard","has-post-thumbnail","hentry","category-allgemein"],"jetpack_sharing_enabled":true,"jetpack_featured_media_url":"https:\/\/rsh-bonn.de\/wp-content\/uploads\/2021\/04\/news-II.jpg","_links":{"self":[{"href":"https:\/\/rsh-bonn.de\/index.php?rest_route=\/wp\/v2\/posts\/4918","targetHints":{"allow":["GET"]}}],"collection":[{"href":"https:\/\/rsh-bonn.de\/index.php?rest_route=\/wp\/v2\/posts"}],"about":[{"href":"https:\/\/rsh-bonn.de\/index.php?rest_route=\/wp\/v2\/types\/post"}],"author":[{"embeddable":true,"href":"https:\/\/rsh-bonn.de\/index.php?rest_route=\/wp\/v2\/users\/2"}],"replies":[{"embeddable":true,"href":"https:\/\/rsh-bonn.de\/index.php?rest_route=%2Fwp%2Fv2%2Fcomments&post=4918"}],"version-history":[{"count":1,"href":"https:\/\/rsh-bonn.de\/index.php?rest_route=\/wp\/v2\/posts\/4918\/revisions"}],"predecessor-version":[{"id":4919,"href":"https:\/\/rsh-bonn.de\/index.php?rest_route=\/wp\/v2\/posts\/4918\/revisions\/4919"}],"wp:featuredmedia":[{"embeddable":true,"href":"https:\/\/rsh-bonn.de\/index.php?rest_route=\/wp\/v2\/media\/4790"}],"wp:attachment":[{"href":"https:\/\/rsh-bonn.de\/index.php?rest_route=%2Fwp%2Fv2%2Fmedia&parent=4918"}],"wp:term":[{"taxonomy":"category","embeddable":true,"href":"https:\/\/rsh-bonn.de\/index.php?rest_route=%2Fwp%2Fv2%2Fcategories&post=4918"},{"taxonomy":"post_tag","embeddable":true,"href":"https:\/\/rsh-bonn.de\/index.php?rest_route=%2Fwp%2Fv2%2Ftags&post=4918"}],"curies":[{"name":"wp","href":"https:\/\/api.w.org\/{rel}","templated":true}]}}