{"id":5014,"date":"2021-07-14T09:02:05","date_gmt":"2021-07-14T07:02:05","guid":{"rendered":"https:\/\/rsh-bonn.de\/?p=5014"},"modified":"2021-08-15T12:32:15","modified_gmt":"2021-08-15T10:32:15","slug":"aktuelle-informationen-zum-neuen-schuljahr","status":"publish","type":"post","link":"https:\/\/rsh-bonn.de\/?p=5014","title":{"rendered":"Aktuelle Informationen zum neuen Schuljahr"},"content":{"rendered":"<p><span style=\"font-size: 14pt; font-family: arial, helvetica, sans-serif;\"><strong>Hier erhalten Sie aktuelle Informationen zum neuen Schuljahr 2021\/22 &#8211;<br \/>\n<\/strong><\/span><\/p>\n<p><span style=\"font-family: arial, helvetica, sans-serif;\">Der erste Schultag beginnt f\u00fcr die <strong>Jahrg\u00e4nge 6-10 am Mittwoch 18.08.2021 um 08:30 Uhr am Aufstellplatz<\/strong> (Achtung \u00c4nderung der Uhrzeit!). Neue Sch\u00fclerinnen und Sch\u00fcler (auch Wiederholer\/innen) finden sich bitte um 08:00 Uhr in der Aula (neben dem Haupteingang) ein.<br \/>\n<\/span><\/p>\n<p><span style=\"font-family: arial, helvetica, sans-serif;\">Der <strong>Jahrgang 5 startet am Donnerstag, 19.08.2021,<\/strong> zu den jeweiligen im entsprechenden Informations-Brief genannten Zeiten.<\/span><\/p>\n<div class=\"normal-page__header-paragraphs skin--background-primary skin--font-header\">\n<div class=\"content-header__text skin--background-primary\">\n<div class=\"normal-page__teaser-text\">\n<p><span style=\"font-family: arial, helvetica, sans-serif;\">Das Schulministerium informiert zum Schulstart folgenderma\u00dfen (Auszug):<\/span><\/p>\n<p><span style=\"font-family: arial, helvetica, sans-serif;\">Das neue Schuljahr 2021\/22 wird mit voller Pr\u00e4senz unter Bei\u00adbe\u00adhaltung der strengen Vorgaben f\u00fcr die Hygiene und den In\u00adfek\u00adti\u00adons\u00adschutz starten. <\/span><span style=\"font-family: arial, helvetica, sans-serif;\">Das Ziel: Achtsam sein und alles daf\u00fcr tun, dass Pr\u00e4\u00adsenz\u00adun\u00adterricht statt\u00adfindet.<\/span><\/p>\n<\/div>\n<\/div>\n<\/div>\n<div class=\"normal-page__content-paragraphs content\">\n<div id=\"paragraph_text_56133\" class=\"paragraph text default clearfix\">\n<div class=\"paragraph__content\">\n<h4><span style=\"font-family: arial, helvetica, sans-serif;\"><strong>Die wichtigsten Regelungen dabei sind:<\/strong><\/span><\/h4>\n<ol>\n<li><span style=\"font-family: arial, helvetica, sans-serif;\">Alle Sch\u00fclerinnen und Sch\u00fcler nehmen am Pr\u00e4senzunterricht teil. Der Unterricht wird in allen F\u00e4chern nach Stundentafel in vollem Umfang erteilt.<\/span><br \/>\n<span style=\"font-family: arial, helvetica, sans-serif;\">\u00a0<\/span><\/li>\n<li><span style=\"font-family: arial, helvetica, sans-serif;\">Die gemeinsam mit den kommunalen Spitzenverb\u00e4nden, dem Gesundheitsministerium und der Unfallkasse NRW erarbeiteten Vorgaben f\u00fcr die Hygiene und den Infektionsschutz gelten fort. Sie haben sich bew\u00e4hrt und bieten einen zus\u00e4tzlichen Schutz f\u00fcr alle am Schulleben Beteiligten.<\/span><br \/>\n<span style=\"font-family: arial, helvetica, sans-serif;\">\u00a0<\/span><\/li>\n<li><span style=\"font-family: arial, helvetica, sans-serif;\">Die <strong>Testungen zweimal pro Woche<\/strong> werden fortgesetzt. Personen mit nachgewiesen vollst\u00e4ndigem Impfschutz m\u00fcssen nicht getestet werden. <\/span><br \/>\n<span style=\"font-family: arial, helvetica, sans-serif;\">\u00a0<\/span><\/li>\n<li><span style=\"font-family: arial, helvetica, sans-serif;\">Auch im neuen Schuljahr gilt zun\u00e4chst die <strong>Pflicht zum Tragen einer medizinischen Maske im Innenbereich<\/strong> der Schulen, nicht dagegen im Freien. Die Notwendigkeit dieser Maskenpflicht wird aber nach den Sommerferien vom ersten Tag an im Lichte des Infektionsgeschehens und danach weiterhin regelm\u00e4\u00dfig \u00fcberpr\u00fcft.<\/span><span style=\"font-family: arial, helvetica, sans-serif;\">\u00a0<\/span><\/li>\n<\/ol>\n<p><span style=\"font-family: arial, helvetica, sans-serif;\">Als rechtliches Fundament f\u00fcr diese grunds\u00e4tzlichen Regelungen wird die Corona-Betreuungsverordnung rechtzeitig zum Schuljahresbeginn die erforderlichen Vorgaben enthalten.<\/span><\/p>\n<\/div>\n<\/div>\n<\/div>\n<p><span style=\"font-family: arial, helvetica, sans-serif;\">\u00a0<\/span><\/p>\n","protected":false},"excerpt":{"rendered":"<p>Hier erhalten Sie aktuelle Informationen zum neuen Schuljahr 2021\/22 &#8211; Der erste Schultag beginnt f\u00fcr die Jahrg\u00e4nge 6-10 am Mittwoch 18.08.2021 um 08:30 Uhr am Aufstellplatz (Achtung \u00c4nderung der Uhrzeit!). [&hellip;]<\/p>\n","protected":false},"author":2,"featured_media":5015,"comment_status":"closed","ping_status":"open","sticky":false,"template":"","format":"standard","meta":{"_price":"","_stock":"","_tribe_ticket_header":"","_tribe_default_ticket_provider":"","_tribe_ticket_capacity":"0","_ticket_start_date":"","_ticket_end_date":"","_tribe_ticket_show_description":"","_tribe_ticket_show_not_going":false,"_tribe_ticket_use_global_stock":"","_tribe_ticket_global_stock_level":"","_global_stock_mode":"","_global_stock_cap":"","_tribe_rsvp_for_event":"","_tribe_ticket_going_count":"","_tribe_ticket_not_going_count":"","_tribe_tickets_list":"[]","_tribe_ticket_has_attendee_info_fields":false,"_jetpack_newsletter_access":"","_jetpack_dont_email_post_to_subs":false,"_jetpack_newsletter_tier_id":0,"_jetpack_memberships_contains_paywalled_content":false,"_jetpack_feature_clip_id":0,"_jetpack_memberships_contains_paid_content":false,"footnotes":"","jetpack_post_was_ever_published":false,"_members_access_role":[],"_members_access_error":""},"categories":[1],"tags":[],"class_list":["post-5014","post","type-post","status-publish","format-standard","has-post-thumbnail","hentry","category-allgemein"],"jetpack_sharing_enabled":true,"jetpack_featured_media_url":"https:\/\/rsh-bonn.de\/wp-content\/uploads\/2021\/07\/Schulbeginn.jpg","_links":{"self":[{"href":"https:\/\/rsh-bonn.de\/index.php?rest_route=\/wp\/v2\/posts\/5014","targetHints":{"allow":["GET"]}}],"collection":[{"href":"https:\/\/rsh-bonn.de\/index.php?rest_route=\/wp\/v2\/posts"}],"about":[{"href":"https:\/\/rsh-bonn.de\/index.php?rest_route=\/wp\/v2\/types\/post"}],"author":[{"embeddable":true,"href":"https:\/\/rsh-bonn.de\/index.php?rest_route=\/wp\/v2\/users\/2"}],"replies":[{"embeddable":true,"href":"https:\/\/rsh-bonn.de\/index.php?rest_route=%2Fwp%2Fv2%2Fcomments&post=5014"}],"version-history":[{"count":5,"href":"https:\/\/rsh-bonn.de\/index.php?rest_route=\/wp\/v2\/posts\/5014\/revisions"}],"predecessor-version":[{"id":5028,"href":"https:\/\/rsh-bonn.de\/index.php?rest_route=\/wp\/v2\/posts\/5014\/revisions\/5028"}],"wp:featuredmedia":[{"embeddable":true,"href":"https:\/\/rsh-bonn.de\/index.php?rest_route=\/wp\/v2\/media\/5015"}],"wp:attachment":[{"href":"https:\/\/rsh-bonn.de\/index.php?rest_route=%2Fwp%2Fv2%2Fmedia&parent=5014"}],"wp:term":[{"taxonomy":"category","embeddable":true,"href":"https:\/\/rsh-bonn.de\/index.php?rest_route=%2Fwp%2Fv2%2Fcategories&post=5014"},{"taxonomy":"post_tag","embeddable":true,"href":"https:\/\/rsh-bonn.de\/index.php?rest_route=%2Fwp%2Fv2%2Ftags&post=5014"}],"curies":[{"name":"wp","href":"https:\/\/api.w.org\/{rel}","templated":true}]}}