{"id":5031,"date":"2021-08-19T17:26:36","date_gmt":"2021-08-19T15:26:36","guid":{"rendered":"https:\/\/rsh-bonn.de\/?p=5031"},"modified":"2021-10-15T12:56:13","modified_gmt":"2021-10-15T10:56:13","slug":"impfangebot","status":"publish","type":"post","link":"https:\/\/rsh-bonn.de\/?p=5031","title":{"rendered":"Impfangebot &#8211;"},"content":{"rendered":"<p><strong><span style=\"font-family: arial, helvetica, sans-serif; font-size: 14pt;\">Impfangebot f\u00fcr Sch\u00fclerinnen und Sch\u00fcler der Realschule im Impfzentrum Bonn ab dem 12. Lebensjahr <span style=\"mso-bidi-font-size: 11.0pt;\">am 31. August von 14:00 \u2013 20:00 Uhr<\/span><\/span><\/strong><\/p>\n<p>Wo: \u00a0\u00a0\u00a0\u00a0\u00a0\u00a0\u00a0\u00a0\u00a0 Impfzentrum Bonn, Karl-Carstens-Str. 4, 53113 Bonn<\/p>\n<p style=\"padding-left: 80px;\"><a href=\"https:\/\/www.bonn.de\/themen-entdecken\/gesundheit-verbraucherschutz\/impfzentrum.php\"><em><span style=\"color: #ff0000;\">https:\/\/www.bonn.de\/themen-entdecken\/gesundheit-verbraucherschutz\/impfzentrum.php<\/span><\/em><\/a><\/p>\n<p>Wer:\u00a0\u00a0\u00a0\u00a0\u00a0\u00a0\u00a0\u00a0\u00a0 f\u00fcr Kinder <em>ab dem 12. Lebensjahr <\/em><\/p>\n<p>Wann:\u00a0\u00a0\u00a0\u00a0\u00a0\u00a0 am Dienstag, 31. August 2021:<\/p>\n<table style=\"width: 39.94%; border-color: #000000;\">\n<tbody>\n<tr>\n<td style=\"width: 54.6234%;\" width=\"304\">Jg. 6 (mind. 12 Jahre alt)<\/td>\n<td style=\"width: 43.8756%;\" width=\"213\">14:00 \u2013 16:00 Uhr<\/td>\n<\/tr>\n<tr>\n<td style=\"width: 54.6234%;\" width=\"304\">Jg. 7\/8<\/td>\n<td style=\"width: 43.8756%;\" width=\"213\">16:00 \u2013 18:00 Uhr<\/td>\n<\/tr>\n<tr>\n<td style=\"width: 54.6234%;\" width=\"304\">Jg. 9\/10<\/td>\n<td style=\"width: 43.8756%;\" width=\"213\">18:00 \u2013 20:00 Uhr<\/td>\n<\/tr>\n<\/tbody>\n<\/table>\n<p><span style=\"font-family: arial, helvetica, sans-serif;\">Das Schulamt der Stadt Bonn informiert:<\/span><\/p>\n<p><span style=\"font-family: arial, helvetica, sans-serif;\">F\u00fcr Erstimpfungen kommen die Impfstoffe der Firmen BioNTech (m-RNA-Impfstoff zur Zweifachimpfung, ab 12. Lebensjahr) und Johnson &amp; Johnson (Vektorimpfstoff zur Einfachimpfung ab 17. Lebensjahr) zur Anwendung.<\/span><\/p>\n<p><span style=\"font-family: arial, helvetica, sans-serif;\">F\u00fcr Zweitimpfungen kommen die jeweiligen Impfstoffe gem\u00e4\u00df der aktuellen STIKO-Empfehlung zur Anwendung, derzeit auch BioNTech.<\/span><\/p>\n<p><span style=\"font-family: arial, helvetica, sans-serif;\"><u>Au\u00dferdem wichtig zu beachten ist:<\/u><\/span><\/p>\n<ul>\n<li><span style=\"font-family: arial, helvetica, sans-serif;\">Die Teilnahme an den Impfungen ist freiwillig.<\/span><\/li>\n<li><span style=\"font-family: arial, helvetica, sans-serif;\">Personalausweis sowie Impfausweis sind mitzubringen. Internationale Impfausweise sind bei Bedarf kostenlos erh\u00e4ltlich.<\/span><\/li>\n<li><span style=\"font-family: arial, helvetica, sans-serif;\">Sch\u00fclerinnen und Sch\u00fcler vom 12. bis zum 16. Lebensjahr ben\u00f6tigen das Einverst\u00e4ndnis mindestens eines Erziehungsberechtigten (s. Anlage). Eine Begleitung durch einen Erziehungsberechtigten ins Impfzentrum ist gem. 38. Impferlass nicht erforderlich, kann aber, wenn gew\u00fcnscht, gerne erfolgen.<\/span><\/li>\n<li><span style=\"font-family: arial, helvetica, sans-serif;\">Bei Minderj\u00e4hrigen ab dem 17. Lebensjahr kann die Einwilligung selbstst\u00e4ndig durch die Jugendliche bzw. den Jugendlichen erfolgen, sofern von der notwendigen Einsichts- und Einwilligungsf\u00e4higkeit in die Impfung auszugehen ist.<\/span><\/li>\n<li><span style=\"font-family: arial, helvetica, sans-serif;\">Die Unterlagen zur Aufkl\u00e4rung (Aufkl\u00e4rungsbogen und Anamnese- und Einwilligungsbogen zur COVID-19-Impfung) sind auf der Webseite des RKI (Robert Koch-Institut) erh\u00e4ltlich; beide B\u00f6gen m\u00fcssen ausgef\u00fcllt werden, <a href=\"https:\/\/www.rki.de\/DE\/Content\/Infekt\/Impfen\/ImpfungenAZ\/COVID-19\/Aufklaerungsbogen-Tab.htm\">https:\/\/www.rki.de\/DE\/Content\/Infekt\/Impfen\/ImpfungenAZ\/COVID-19\/Aufklaerungsbogen-Tab.htm<\/a> .<\/span><\/li>\n<li><span style=\"font-family: arial, helvetica, sans-serif;\">Weitere Impfangebote bestehen in den Offenen Impfaktionen in den Stadtbezirken und in Praxen durch Haus- und Kinder\u00e4rzte.<\/span><\/li>\n<\/ul>\n<p><span style=\"font-family: arial, helvetica, sans-serif; color: #ff0000;\"><strong>Zus\u00e4tzlich mitzubringen sind folgende Unterlagen in <u>2-facher<\/u> Ausfertigung:<\/strong><\/span><\/p>\n<p><span style=\"font-family: arial, helvetica, sans-serif;\"><a href=\"https:\/\/www.bonn.de\/themen-entdecken\/gesundheit-verbraucherschutz\/impfen_corona.php\"><span style=\"color: #ff0000;\">https:\/\/www.bonn.de\/themen-entdecken\/gesundheit-verbraucherschutz\/impfen_corona.php<\/span><\/a><\/span><\/p>\n<p>&nbsp;<\/p>\n<p><span style=\"font-family: arial, helvetica, sans-serif;\">Weitere Informationen:<\/span><\/p>\n<ul>\n<li><span style=\"font-family: arial, helvetica, sans-serif;\">Merkblatt \u201cCorona-Schutzimpfung \u2013 sicher und wirksam!\u201c der Bundeszentrale f\u00fcr gesundheitliche Aufkl\u00e4rung, <span style=\"color: #ff0000;\"><a style=\"color: #ff0000;\" href=\"https:\/\/www.bzga.de\/infomaterialien\/impfungen-und-persoenlicher-infektionsschutz\/merkblatt-corona-schutzimpfung-sicher-und-wirksam\/\">https:\/\/www.bzga.de\/infomaterialien\/impfungen-und-persoenlicher-infektionsschutz\/merkblatt-corona-schutzimpfung-sicher-und-wirksam\/<\/a>.<\/span><\/span><\/li>\n<li><span style=\"font-family: arial, helvetica, sans-serif;\">Brosch\u00fcren zu Corona-Wissen, -Schutzimpfung und -Test in verschiedenen Sprachen und als Bilderbuch im Download des BMG (Bundesministerium f\u00fcr Gesundheit) <a href=\"https:\/\/www.zusammengegencorona.de\/downloads\/?filter=alledownloads\"><span style=\"color: #ff0000;\">https:\/\/www.zusammengegencorona.de\/downloads\/?filter=alledownloads<\/span><\/a><\/span><\/li>\n<\/ul>\n<p>&nbsp;<\/p>\n<p>&nbsp;<\/p>\n<p>&nbsp;<\/p>\n<p>&nbsp;<\/p>\n","protected":false},"excerpt":{"rendered":"<p>Impfangebot f\u00fcr Sch\u00fclerinnen und Sch\u00fcler der Realschule im Impfzentrum Bonn ab dem 12. Lebensjahr am 31. August von 14:00 \u2013 20:00 Uhr Wo: \u00a0\u00a0\u00a0\u00a0\u00a0\u00a0\u00a0\u00a0\u00a0 Impfzentrum Bonn, Karl-Carstens-Str. 4, 53113 Bonn [&hellip;]<\/p>\n","protected":false},"author":2,"featured_media":5032,"comment_status":"closed","ping_status":"closed","sticky":false,"template":"","format":"standard","meta":{"_price":"","_stock":"","_tribe_ticket_header":"","_tribe_default_ticket_provider":"","_tribe_ticket_capacity":"0","_ticket_start_date":"","_ticket_end_date":"","_tribe_ticket_show_description":"","_tribe_ticket_show_not_going":false,"_tribe_ticket_use_global_stock":"","_tribe_ticket_global_stock_level":"","_global_stock_mode":"","_global_stock_cap":"","_tribe_rsvp_for_event":"","_tribe_ticket_going_count":"","_tribe_ticket_not_going_count":"","_tribe_tickets_list":"[]","_tribe_ticket_has_attendee_info_fields":false,"_jetpack_newsletter_access":"","_jetpack_dont_email_post_to_subs":false,"_jetpack_newsletter_tier_id":0,"_jetpack_memberships_contains_paywalled_content":false,"_jetpack_feature_clip_id":0,"_jetpack_memberships_contains_paid_content":false,"footnotes":"","jetpack_post_was_ever_published":false,"_members_access_role":[],"_members_access_error":""},"categories":[1],"tags":[],"class_list":["post-5031","post","type-post","status-publish","format-standard","has-post-thumbnail","hentry","category-allgemein"],"jetpack_sharing_enabled":true,"jetpack_featured_media_url":"https:\/\/rsh-bonn.de\/wp-content\/uploads\/2021\/08\/impfzentrum.jpg","_links":{"self":[{"href":"https:\/\/rsh-bonn.de\/index.php?rest_route=\/wp\/v2\/posts\/5031","targetHints":{"allow":["GET"]}}],"collection":[{"href":"https:\/\/rsh-bonn.de\/index.php?rest_route=\/wp\/v2\/posts"}],"about":[{"href":"https:\/\/rsh-bonn.de\/index.php?rest_route=\/wp\/v2\/types\/post"}],"author":[{"embeddable":true,"href":"https:\/\/rsh-bonn.de\/index.php?rest_route=\/wp\/v2\/users\/2"}],"replies":[{"embeddable":true,"href":"https:\/\/rsh-bonn.de\/index.php?rest_route=%2Fwp%2Fv2%2Fcomments&post=5031"}],"version-history":[{"count":8,"href":"https:\/\/rsh-bonn.de\/index.php?rest_route=\/wp\/v2\/posts\/5031\/revisions"}],"predecessor-version":[{"id":5044,"href":"https:\/\/rsh-bonn.de\/index.php?rest_route=\/wp\/v2\/posts\/5031\/revisions\/5044"}],"wp:featuredmedia":[{"embeddable":true,"href":"https:\/\/rsh-bonn.de\/index.php?rest_route=\/wp\/v2\/media\/5032"}],"wp:attachment":[{"href":"https:\/\/rsh-bonn.de\/index.php?rest_route=%2Fwp%2Fv2%2Fmedia&parent=5031"}],"wp:term":[{"taxonomy":"category","embeddable":true,"href":"https:\/\/rsh-bonn.de\/index.php?rest_route=%2Fwp%2Fv2%2Fcategories&post=5031"},{"taxonomy":"post_tag","embeddable":true,"href":"https:\/\/rsh-bonn.de\/index.php?rest_route=%2Fwp%2Fv2%2Ftags&post=5031"}],"curies":[{"name":"wp","href":"https:\/\/api.w.org\/{rel}","templated":true}]}}