{"id":5152,"date":"2021-09-05T22:02:48","date_gmt":"2021-09-05T20:02:48","guid":{"rendered":"https:\/\/rsh-bonn.de\/?p=5152"},"modified":"2021-10-15T12:56:38","modified_gmt":"2021-10-15T10:56:38","slug":"schulsozialarbeit-neues-team-zum-schuljahresbeginn","status":"publish","type":"post","link":"https:\/\/rsh-bonn.de\/?p=5152","title":{"rendered":"Schulsozialarbeit: Neues Team zum Schuljahresbeginn"},"content":{"rendered":"<p><span style=\"font-family: arial, helvetica, sans-serif; font-size: 14pt;\"><strong>Schulsozialarbeit an der Realschule Hardtberg &#8211; <\/strong><\/span><\/p>\n<p><span style=\"font-family: arial, helvetica, sans-serif; font-size: 12pt;\">Frau K\u00f6hler und Frau Wei\u00dfgerber sind Schulsozialarbeiterinnen der Stadt Bonn und verst\u00e4rken unser Team mit dem Ziel, mit ihren Angeboten das soziale Miteinander an unserer Schule zu verbessern.<\/span><\/p>\n<p><span style=\"font-family: arial, helvetica, sans-serif; font-size: 12pt;\">Sie sind f\u00fcr unsere Sch\u00fclerinnen und Sch\u00fcler, das Lehrerkollegium und die Eltern gleicherma\u00dfen Ansprechpartner in Beratungs- und Konfliktsituationen (in schulischen, famili\u00e4ren und \/ oder pers\u00f6nlichen Bereich) und unterst\u00fctzen diese bei der L\u00f6sungssuche. Sie unterliegen der Schweigepflicht und behandeln jedes Gespr\u00e4ch vertraulich.<\/span><\/p>\n<p><span style=\"font-family: arial, helvetica, sans-serif; font-size: 12pt;\">Auch beraten sie zur Leistungen des Bildungs- und Teilhabepakets und weiteren Hilfsangeboten in Bonn und helfen bei der Antragstellung. Im Bedarfsfall arbeiten und vermitteln sie die Beteiligten an au\u00dferschulische Einrichtungen und Beratungsstellen.<\/span><\/p>\n<p><span style=\"font-family: arial, helvetica, sans-serif; font-size: 12pt;\">Frau Wei\u00dfgerber setzt ihren Schwerpunkt besonders auf die Beratung und Unterst\u00fctzung der Sch\u00fclerinnen und Sch\u00fcler bei der Berufsorientierung und den \u00dcbergang von Schule ins Berufsleben. Hierbei arbeitet sie eng mit der Berufsberaterin Frau B\u00f6hm von der Agentur f\u00fcr Arbeit zusammen.<\/span><\/p>\n<p><span style=\"font-family: arial, helvetica, sans-serif; font-size: 12pt;\">Die Schulsozialarbeiterinnen initiieren Projekte u.a. zur Gewalt- und Suchtpr\u00e4vention, F\u00f6rderung der sozialen Kompetenzen und dem Zusammenhalt der Sch\u00fclerinnen und Sch\u00fcler in den einzelnen Klassen und der Berufsorientierung.\u00a0 \u00a0<\/span><\/p>\n<table>\n<tbody>\n<tr>\n<td colspan=\"2\" width=\"588\"><span style=\"font-family: arial, helvetica, sans-serif; font-size: 12pt;\"><strong><u>Unsere Sprechzeiten <\/u><\/strong><\/span><\/td>\n<\/tr>\n<tr>\n<td width=\"243\"><span style=\"font-family: arial, helvetica, sans-serif; font-size: 12pt;\"><strong> <a href=\"https:\/\/rsh-bonn.de\/wp-content\/uploads\/2021\/09\/koehler.png\"><img loading=\"lazy\" decoding=\"async\" class=\"alignleft size-full wp-image-5155\" src=\"https:\/\/rsh-bonn.de\/wp-content\/uploads\/2021\/09\/koehler.png\" alt=\"\" width=\"888\" height=\"1297\" srcset=\"https:\/\/rsh-bonn.de\/wp-content\/uploads\/2021\/09\/koehler.png 888w, https:\/\/rsh-bonn.de\/wp-content\/uploads\/2021\/09\/koehler-205x300.png 205w, https:\/\/rsh-bonn.de\/wp-content\/uploads\/2021\/09\/koehler-701x1024.png 701w, https:\/\/rsh-bonn.de\/wp-content\/uploads\/2021\/09\/koehler-768x1122.png 768w\" sizes=\"auto, (max-width: 888px) 100vw, 888px\" \/><\/a><\/strong><\/span><\/td>\n<td width=\"344\"><span style=\"font-family: arial, helvetica, sans-serif; font-size: 12pt;\"><strong>Dienstag: 9:00 \u2013 12:30 Uhr<\/strong><\/span><\/p>\n<p><span style=\"font-family: arial, helvetica, sans-serif; font-size: 12pt;\"><strong>\u00a0<\/strong><\/span><\/p>\n<p><span style=\"font-family: arial, helvetica, sans-serif; font-size: 12pt;\"><strong><u>Frau Mona K\u00f6hler<\/u><\/strong><\/span><\/p>\n<p><span style=\"font-family: arial, helvetica, sans-serif; font-size: 12pt;\"><strong>\u00a0<\/strong><\/span><\/p>\n<p><span style=\"font-family: arial, helvetica, sans-serif; font-size: 12pt;\">Mobil: \u00a00151 14 27 15 65<\/span><\/p>\n<p><span style=\"font-family: arial, helvetica, sans-serif; font-size: 12pt;\">E-Mail: <a href=\"mailto:mona.koehler@bonn.de\">mona.koehler@bonn.de<\/a><\/span><\/p>\n<p><span style=\"font-family: arial, helvetica, sans-serif; font-size: 12pt;\">Raum: A213<\/span><\/td>\n<\/tr>\n<tr>\n<td width=\"243\"><span style=\"font-family: arial, helvetica, sans-serif; font-size: 12pt;\"><strong>\u00a0<\/strong><\/span><\/td>\n<td width=\"344\"><span style=\"font-family: arial, helvetica, sans-serif; font-size: 12pt;\"><strong>\u00a0<\/strong><\/span><\/td>\n<\/tr>\n<tr>\n<td width=\"243\"><a href=\"https:\/\/rsh-bonn.de\/wp-content\/uploads\/2021\/09\/weissgerber.png\"><img loading=\"lazy\" decoding=\"async\" class=\"alignleft size-full wp-image-5156\" src=\"https:\/\/rsh-bonn.de\/wp-content\/uploads\/2021\/09\/weissgerber.png\" alt=\"\" width=\"228\" height=\"214\" \/><\/a><\/td>\n<td width=\"344\"><span style=\"font-family: arial, helvetica, sans-serif; font-size: 12pt;\"><strong>Donnerstag: 9:00 \u2013 12:00 Uhr<\/strong><\/span><\/p>\n<p><span style=\"font-family: arial, helvetica, sans-serif; font-size: 12pt;\"><strong>Freitag: 9:00 \u2013 13:30 Uhr<\/strong><\/span><\/p>\n<p><span style=\"font-family: arial, helvetica, sans-serif; font-size: 12pt;\"><strong>\u00a0<\/strong><\/span><\/p>\n<p><span style=\"font-family: arial, helvetica, sans-serif; font-size: 12pt;\"><strong><u>Frau Olga Wei\u00dfgerber<\/u><\/strong><\/span><\/p>\n<p><span style=\"font-family: arial, helvetica, sans-serif; font-size: 12pt;\"><strong>\u00a0<\/strong><\/span><\/p>\n<p><span style=\"font-family: arial, helvetica, sans-serif; font-size: 12pt;\">Mobil: \u00a00171 62 76 81 6<\/span><\/p>\n<p><span style=\"font-family: arial, helvetica, sans-serif; font-size: 12pt;\">E-Mail: <a href=\"mailto:olga.weissgerber@bonn.de\">olga.weissgerber@bonn.de<\/a><\/span><\/p>\n<p><span style=\"font-family: arial, helvetica, sans-serif; font-size: 12pt;\">Raum: A213<\/span><\/td>\n<\/tr>\n<\/tbody>\n<\/table>\n<p><span style=\"font-family: arial, helvetica, sans-serif; font-size: 12pt;\"><strong>\u00a0<\/strong><\/span><\/p>\n","protected":false},"excerpt":{"rendered":"<p>Schulsozialarbeit an der Realschule Hardtberg &#8211; Frau K\u00f6hler und Frau Wei\u00dfgerber sind Schulsozialarbeiterinnen der Stadt Bonn und verst\u00e4rken unser Team mit dem Ziel, mit ihren Angeboten das soziale Miteinander an [&hellip;]<\/p>\n","protected":false},"author":2,"featured_media":5158,"comment_status":"closed","ping_status":"closed","sticky":false,"template":"","format":"standard","meta":{"_price":"","_stock":"","_tribe_ticket_header":"","_tribe_default_ticket_provider":"","_tribe_ticket_capacity":"0","_ticket_start_date":"","_ticket_end_date":"","_tribe_ticket_show_description":"","_tribe_ticket_show_not_going":false,"_tribe_ticket_use_global_stock":"","_tribe_ticket_global_stock_level":"","_global_stock_mode":"","_global_stock_cap":"","_tribe_rsvp_for_event":"","_tribe_ticket_going_count":"","_tribe_ticket_not_going_count":"","_tribe_tickets_list":"[]","_tribe_ticket_has_attendee_info_fields":false,"_jetpack_newsletter_access":"","_jetpack_dont_email_post_to_subs":false,"_jetpack_newsletter_tier_id":0,"_jetpack_memberships_contains_paywalled_content":false,"_jetpack_feature_clip_id":0,"_jetpack_memberships_contains_paid_content":false,"footnotes":"","jetpack_post_was_ever_published":false,"_members_access_role":[],"_members_access_error":""},"categories":[1],"tags":[],"class_list":["post-5152","post","type-post","status-publish","format-standard","has-post-thumbnail","hentry","category-allgemein"],"jetpack_sharing_enabled":true,"jetpack_featured_media_url":"https:\/\/rsh-bonn.de\/wp-content\/uploads\/2021\/09\/doppel-Sab-e1630872750767.png","_links":{"self":[{"href":"https:\/\/rsh-bonn.de\/index.php?rest_route=\/wp\/v2\/posts\/5152","targetHints":{"allow":["GET"]}}],"collection":[{"href":"https:\/\/rsh-bonn.de\/index.php?rest_route=\/wp\/v2\/posts"}],"about":[{"href":"https:\/\/rsh-bonn.de\/index.php?rest_route=\/wp\/v2\/types\/post"}],"author":[{"embeddable":true,"href":"https:\/\/rsh-bonn.de\/index.php?rest_route=\/wp\/v2\/users\/2"}],"replies":[{"embeddable":true,"href":"https:\/\/rsh-bonn.de\/index.php?rest_route=%2Fwp%2Fv2%2Fcomments&post=5152"}],"version-history":[{"count":2,"href":"https:\/\/rsh-bonn.de\/index.php?rest_route=\/wp\/v2\/posts\/5152\/revisions"}],"predecessor-version":[{"id":5157,"href":"https:\/\/rsh-bonn.de\/index.php?rest_route=\/wp\/v2\/posts\/5152\/revisions\/5157"}],"wp:featuredmedia":[{"embeddable":true,"href":"https:\/\/rsh-bonn.de\/index.php?rest_route=\/wp\/v2\/media\/5158"}],"wp:attachment":[{"href":"https:\/\/rsh-bonn.de\/index.php?rest_route=%2Fwp%2Fv2%2Fmedia&parent=5152"}],"wp:term":[{"taxonomy":"category","embeddable":true,"href":"https:\/\/rsh-bonn.de\/index.php?rest_route=%2Fwp%2Fv2%2Fcategories&post=5152"},{"taxonomy":"post_tag","embeddable":true,"href":"https:\/\/rsh-bonn.de\/index.php?rest_route=%2Fwp%2Fv2%2Ftags&post=5152"}],"curies":[{"name":"wp","href":"https:\/\/api.w.org\/{rel}","templated":true}]}}