{"id":5421,"date":"2021-10-28T19:55:30","date_gmt":"2021-10-28T17:55:30","guid":{"rendered":"https:\/\/rsh-bonn.de\/?p=5421"},"modified":"2021-10-28T19:56:15","modified_gmt":"2021-10-28T17:56:15","slug":"maskenpflicht-entfaellt","status":"publish","type":"post","link":"https:\/\/rsh-bonn.de\/?p=5421","title":{"rendered":"Maskenpflicht entf\u00e4llt"},"content":{"rendered":"<p><strong><span style=\"font-family: arial, helvetica, sans-serif; font-size: 14pt;\">Maskenpflicht entf\u00e4llt auf dem Sitzplatz ab dem 2.11. &#8211;<br \/>\n<\/span><\/strong><\/p>\n<p><span style=\"font-family: arial, helvetica, sans-serif;\">Sehr geehrte Eltern und Erziehungsberechtigte,<\/span><\/p>\n<p><span style=\"font-family: arial, helvetica, sans-serif;\">ab dem 2.11.21 entf\u00e4llt die Maskenpflicht auf dem festen Sitzplatz im Unterricht. D. h., dass die Sch\u00fcler, wenn sie sich auf ihren Sitzplatz gesetzt haben, die Maske abnehmen d\u00fcrfen. Sobald sie aufstehen, muss die Maske wieder angezogen werden. Das Tragen von Masken auf freiwilliger Basis ist weiterhin zul\u00e4ssig. Die weiteren Neuerungen k\u00f6nnen Sie <a href=\"https:\/\/www.schulministerium.nrw\/regelungen-fuer-schulen-ab-dem-2-november-2021\" target=\"_blank\" rel=\"noopener\" data-cke-saved-href=\"https:\/\/www.schulministerium.nrw\/regelungen-fuer-schulen-ab-dem-2-november-2021\">hier<\/a> nachlesen.<\/span><\/p>\n<p><span style=\"font-family: arial, helvetica, sans-serif;\">Au\u00dferdem m\u00f6chte ich Sie nochmal darauf hinweisen, dass Ihre Kinder <strong>weiterhin wetterfeste und warme Kleidung <\/strong>ben\u00f6tigen, da alle bekannten Hygieneregeln weiter gelten, regelm\u00e4\u00dfig gel\u00fcftet wird und die Aufstellpl\u00e4tze drau\u00dfen weiter genutzt werden.<\/span><\/p>\n<p><span style=\"font-family: arial, helvetica, sans-serif;\">Mit freundlichen Gr\u00fc\u00dfen<\/span><\/p>\n<p><span style=\"font-family: arial, helvetica, sans-serif;\">B. Petry<\/span><\/p>\n","protected":false},"excerpt":{"rendered":"<p>Maskenpflicht entf\u00e4llt auf dem Sitzplatz ab dem 2.11. &#8211; Sehr geehrte Eltern und Erziehungsberechtigte, ab dem 2.11.21 entf\u00e4llt die Maskenpflicht auf dem festen Sitzplatz im Unterricht. D. h., dass die [&hellip;]<\/p>\n","protected":false},"author":2,"featured_media":0,"comment_status":"closed","ping_status":"closed","sticky":false,"template":"","format":"standard","meta":{"_price":"","_stock":"","_tribe_ticket_header":"","_tribe_default_ticket_provider":"","_tribe_ticket_capacity":"0","_ticket_start_date":"","_ticket_end_date":"","_tribe_ticket_show_description":"","_tribe_ticket_show_not_going":false,"_tribe_ticket_use_global_stock":"","_tribe_ticket_global_stock_level":"","_global_stock_mode":"","_global_stock_cap":"","_tribe_rsvp_for_event":"","_tribe_ticket_going_count":"","_tribe_ticket_not_going_count":"","_tribe_tickets_list":"[]","_tribe_ticket_has_attendee_info_fields":false,"_jetpack_newsletter_access":"","_jetpack_dont_email_post_to_subs":false,"_jetpack_newsletter_tier_id":0,"_jetpack_memberships_contains_paywalled_content":false,"_jetpack_feature_clip_id":0,"_jetpack_memberships_contains_paid_content":false,"footnotes":"","jetpack_post_was_ever_published":false,"_members_access_role":[],"_members_access_error":""},"categories":[1],"tags":[],"class_list":["post-5421","post","type-post","status-publish","format-standard","hentry","category-allgemein"],"jetpack_sharing_enabled":true,"jetpack_featured_media_url":"","_links":{"self":[{"href":"https:\/\/rsh-bonn.de\/index.php?rest_route=\/wp\/v2\/posts\/5421","targetHints":{"allow":["GET"]}}],"collection":[{"href":"https:\/\/rsh-bonn.de\/index.php?rest_route=\/wp\/v2\/posts"}],"about":[{"href":"https:\/\/rsh-bonn.de\/index.php?rest_route=\/wp\/v2\/types\/post"}],"author":[{"embeddable":true,"href":"https:\/\/rsh-bonn.de\/index.php?rest_route=\/wp\/v2\/users\/2"}],"replies":[{"embeddable":true,"href":"https:\/\/rsh-bonn.de\/index.php?rest_route=%2Fwp%2Fv2%2Fcomments&post=5421"}],"version-history":[{"count":1,"href":"https:\/\/rsh-bonn.de\/index.php?rest_route=\/wp\/v2\/posts\/5421\/revisions"}],"predecessor-version":[{"id":5422,"href":"https:\/\/rsh-bonn.de\/index.php?rest_route=\/wp\/v2\/posts\/5421\/revisions\/5422"}],"wp:attachment":[{"href":"https:\/\/rsh-bonn.de\/index.php?rest_route=%2Fwp%2Fv2%2Fmedia&parent=5421"}],"wp:term":[{"taxonomy":"category","embeddable":true,"href":"https:\/\/rsh-bonn.de\/index.php?rest_route=%2Fwp%2Fv2%2Fcategories&post=5421"},{"taxonomy":"post_tag","embeddable":true,"href":"https:\/\/rsh-bonn.de\/index.php?rest_route=%2Fwp%2Fv2%2Ftags&post=5421"}],"curies":[{"name":"wp","href":"https:\/\/api.w.org\/{rel}","templated":true}]}}