{"id":6057,"date":"2023-03-09T10:54:33","date_gmt":"2023-03-09T09:54:33","guid":{"rendered":"https:\/\/rsh-bonn.de\/?p=6057"},"modified":"2023-03-09T10:55:19","modified_gmt":"2023-03-09T09:55:19","slug":"die-duale-berufsausbildung-als-chance-fuer-eine-berufliche-karriere","status":"publish","type":"post","link":"https:\/\/rsh-bonn.de\/?p=6057","title":{"rendered":"Die duale Berufsausbildung als Chance f\u00fcr eine berufliche Karriere"},"content":{"rendered":"<p><span style=\"font-size: 14pt;\"><strong><span style=\"font-family: arial, helvetica, sans-serif;\">Online ansehen! &#8211; <\/span><\/strong><\/span><\/p>\n<p><span style=\"font-family: arial, helvetica, sans-serif;\">Am 28. Februar 2023 fand auf Einladung von Ministerin Dorothee Feller eine digitale Informationsveranstaltung f\u00fcr Eltern und Sch\u00fclerinnen und Sch\u00fcler zum Thema\u00a0 \u201edie duale Berufsausbildung als Chance f\u00fcr eine berufliche Karriere\u201c statt. Ziel der Veranstaltung war es, die Eltern verst\u00e4rkt in den Prozess der Beruflichen Orientierung einzubeziehen, ihre Fragen zu kl\u00e4ren und sie in ihrer Lotsenfunktion zu best\u00e4rken.<\/span><\/p>\n<p><span style=\"font-family: arial, helvetica, sans-serif;\">Die Veranstaltung wurde im Rahmen der Landesinitiative \u201eKein Abschluss ohne Anschluss \u2013 \u00dcbergang Schule-Beruf in Nordrhein-Westfalen (KAoA)\u201c umgesetzt und gemeinsam mit Vertreterinnen und Vertretern der Industrie- und Handelskammer NRW, dem Westdeutschen Handwerkskammertag, dem Verband Freier Berufe im Lande NRW, der Landwirtschaftskammer NRW, der Landesvereinigung der Unternehmensverb\u00e4nde \u201eunternehmer nrw\u201c, dem Deutschen Gewerkschaftsbund und der Regionaldirektion NRW der Bundesagentur f\u00fcr Arbeit durchgef\u00fchrt.<\/span><\/p>\n<p><span style=\"font-family: arial, helvetica, sans-serif;\">Einen tragenden Part nahmen dar\u00fcber hinaus auch sogenannte \u201eRole-Models\u201c aus verschiedenen Berufsfeldern ein, die aktuell eine Ausbildung absolvieren oder ihre berufliche Karriere auf einer Ausbildung aufgebaut haben.<\/span><\/p>\n<p><span style=\"font-family: arial, helvetica, sans-serif;\">Im Rahmen dieses Live-Streaming-Formates wurde \u00fcber Wissenswertes rund um die duale Ausbildung informiert, wie zum Beispiel \u00fcber die Gleichwertigkeit akademischer und beruflicher Bildung, Jobchancen in den unterschiedlichen Branchen, Aufstiegs- und Weiterbildungsm\u00f6glichkeiten, \u00dcbernahmeaussichten, Verdienstm\u00f6glichkeiten und vieles mehr. Teilnehmende Eltern und auch Sch\u00fclerinnen und Sch\u00fcler konnten zudem konkrete Fragen im Chat stellen, die von den Expertinnen und Experten live vor der Kamera und im Chat beantwortet wurden.<\/span><\/p>\n<p><span style=\"font-family: arial, helvetica, sans-serif;\">Diese Veranstaltung wurde aufgezeichnet und kann nun als Vollversion im Bildungsportal einsehen werden.<\/span><\/p>\n<p><span style=\"font-family: arial, helvetica, sans-serif;\">(<a href=\"https:\/\/www.schulministerium.nrw\/informationsveranstaltung-fuer-eltern-und-schuelerinnen-und-schueler-zur-dualen-berufsausbildung\" target=\"_blank\" rel=\"noopener\"><span style=\"font-size: 14pt; color: #0000ff;\">https:\/\/www.schulministerium.nrw\/informationsveranstaltung-fuer-eltern-und-schuelerinnen-und-schueler-zur-dualen-berufsausbildung<\/span><\/a>).<\/span><\/p>\n","protected":false},"excerpt":{"rendered":"<p>Online ansehen! &#8211; Am 28. Februar 2023 fand auf Einladung von Ministerin Dorothee Feller eine digitale Informationsveranstaltung f\u00fcr Eltern und Sch\u00fclerinnen und Sch\u00fcler zum Thema\u00a0 \u201edie duale Berufsausbildung als Chance [&hellip;]<\/p>\n","protected":false},"author":2,"featured_media":0,"comment_status":"closed","ping_status":"open","sticky":false,"template":"","format":"standard","meta":{"_price":"","_stock":"","_tribe_ticket_header":"","_tribe_default_ticket_provider":"","_tribe_ticket_capacity":"0","_ticket_start_date":"","_ticket_end_date":"","_tribe_ticket_show_description":"","_tribe_ticket_show_not_going":false,"_tribe_ticket_use_global_stock":"","_tribe_ticket_global_stock_level":"","_global_stock_mode":"","_global_stock_cap":"","_tribe_rsvp_for_event":"","_tribe_ticket_going_count":"","_tribe_ticket_not_going_count":"","_tribe_tickets_list":"[]","_tribe_ticket_has_attendee_info_fields":false,"_jetpack_memberships_contains_paid_content":false,"footnotes":""},"categories":[1],"tags":[],"class_list":["post-6057","post","type-post","status-publish","format-standard","hentry","category-allgemein"],"jetpack_featured_media_url":"","jetpack_sharing_enabled":true,"_links":{"self":[{"href":"https:\/\/rsh-bonn.de\/index.php?rest_route=\/wp\/v2\/posts\/6057","targetHints":{"allow":["GET"]}}],"collection":[{"href":"https:\/\/rsh-bonn.de\/index.php?rest_route=\/wp\/v2\/posts"}],"about":[{"href":"https:\/\/rsh-bonn.de\/index.php?rest_route=\/wp\/v2\/types\/post"}],"author":[{"embeddable":true,"href":"https:\/\/rsh-bonn.de\/index.php?rest_route=\/wp\/v2\/users\/2"}],"replies":[{"embeddable":true,"href":"https:\/\/rsh-bonn.de\/index.php?rest_route=%2Fwp%2Fv2%2Fcomments&post=6057"}],"version-history":[{"count":2,"href":"https:\/\/rsh-bonn.de\/index.php?rest_route=\/wp\/v2\/posts\/6057\/revisions"}],"predecessor-version":[{"id":6060,"href":"https:\/\/rsh-bonn.de\/index.php?rest_route=\/wp\/v2\/posts\/6057\/revisions\/6060"}],"wp:attachment":[{"href":"https:\/\/rsh-bonn.de\/index.php?rest_route=%2Fwp%2Fv2%2Fmedia&parent=6057"}],"wp:term":[{"taxonomy":"category","embeddable":true,"href":"https:\/\/rsh-bonn.de\/index.php?rest_route=%2Fwp%2Fv2%2Fcategories&post=6057"},{"taxonomy":"post_tag","embeddable":true,"href":"https:\/\/rsh-bonn.de\/index.php?rest_route=%2Fwp%2Fv2%2Ftags&post=6057"}],"curies":[{"name":"wp","href":"https:\/\/api.w.org\/{rel}","templated":true}]}}