{"id":6067,"date":"2023-03-21T08:33:12","date_gmt":"2023-03-21T07:33:12","guid":{"rendered":"https:\/\/rsh-bonn.de\/?p=6067"},"modified":"2023-03-21T08:34:37","modified_gmt":"2023-03-21T07:34:37","slug":"erlebnispaedagogische-woche-jg-7","status":"publish","type":"post","link":"https:\/\/rsh-bonn.de\/?p=6067","title":{"rendered":"Erlebnisp\u00e4dagogische Woche Jg. 7"},"content":{"rendered":"<p><strong><span style=\"font-family: arial, helvetica, sans-serif; font-size: 14pt;\">Bericht von der erlebnisp\u00e4dagogischen Woche im Jahrgang 7 &#8211;<br \/>\n<\/span><\/strong><\/p>\n<p><span style=\"font-family: arial, helvetica, sans-serif;\">Seit dem Schuljahr 2018\/19 gibt es an der Realschule Hardtberg im Jahrgang 7 die erlebnisp\u00e4dagogische Woche. Hier haben\u00a0 die Sch\u00fclerinnen und Sch\u00fcler die M\u00f6glichkeit sich gem\u00e4\u00df ihrer Interessen einer einw\u00f6chigen Veranstaltung anzuschlie\u00dfen. Zur Wahl standen dieses Mal die Fahrt in eine Skifreizeit, eine Fahrt in den Sport- und Ferienpark WORRIKEN in Belgien und die Teilnahme an einem Kletterprogramm in der Kletterhalle BRONX ROCK in Wesseling. Die Gruppen sind dabei jeweils aus den Klassen 7a, 7b und 7c gemischt zusammengesetzt. Mit dabei sind die Klassenleitungen sowie weitere, im Jahrgang 7 unterrichtende Lehrkr\u00e4fte.<\/span><\/p>\n<p><span style=\"font-family: arial, helvetica, sans-serif;\"><u>Kletterhalle BRONX ROCK in Wesseling<\/u><\/span><\/p>\n<p><span style=\"font-family: arial, helvetica, sans-serif;\">Die M\u00e4dchen und Jungen, die sich f\u00fcr die Teilnahme am Kletterprogramm entschieden hatten, waren etwa zu gleichen Teilen vertreten. Die Gruppe traf sich t\u00e4glich mit zwei Lehrkr\u00e4ften am Bonner Hauptbahnhof und machte sich mit der S-Bahn auf den Weg nach Wesseling. Nach einem kurzen Fu\u00dfweg von der Haltestelle Wesseling-S\u00fcd war die Halle auch schnell erreicht. Nachmittags wurde dann immer gemeinsam der R\u00fcckweg nach Bonn angetreten.<\/span><\/p>\n<p><span style=\"font-family: arial, helvetica, sans-serif;\">Betreut wurden die Sch\u00fclerinnen und Sch\u00fcler von verschiedenen Kletterp\u00e4dagogen. Nach einer Kennenlernphase haben die Kinder gelernt, wie der Klettergurt richtig angelegt wird. Dann wurde spielerisch der f\u00fcr die eigene Sicherheit wichtige Knoten am Sicherungsseil\u00a0 gezeigt, ge\u00fcbt und dessen korrekte Ausf\u00fchrung gepr\u00fcft. Die Rolle des Kletterers und des sichernden Kletterpartners sowie der Umgang mit dem Sicherungsseil wurden noch einmal erl\u00e4utert und an Beispielen gezeigt. Und dann ging es auch schon das erste Mal in die Wand. Ein tolles Gef\u00fchl. Die Kinder waren begeistert und trauten sich von Tag zu Tag mehr zu. Sie erkletterten Routen mit verschiedenen Schwierigkeitsgraden. Einige von Ihnen kletterten bis zur Hallendecke in 16,5 Meter H\u00f6he. Das ist ungef\u00e4hr so hoch wie zwei normale Einfamilienh\u00e4user \u00fcbereinander. Dabei stand die Sicherheit immer im Vordergrund. Alle verhielten\u00a0 sich beim Klettern stets sehr diszipliniert.<\/span><\/p>\n<p><span style=\"font-family: arial, helvetica, sans-serif;\">Neben der Kletterausbildung und den vielen \u00dcbungsphasen gab es weitere Aktionen, die\u00a0 die Kinder immer wieder vor neue Herausforderungen stellten. Dazu geh\u00f6rten das Erklimmen einer Strickleiter bis zum h\u00f6chsten Punkt unter die Hallendecke, das Schwingen am Seil in luftiger H\u00f6he quer durch die Halle wie Tarzan im Dschungel, sich selbst von einem hohen Turm herunter abseilen, den man davor zuerst einmal erklimmen musste, im Wettbewerb zwischen zwei Gruppen an einem Wackelturm bis zu 12 Meter hoch klettern, Jojo-klettern zu zweit, bouldern im \u00dcberhang an einer niedrigen Boulder-Kletterwand und einiges mehr.<\/span><\/p>\n<p><span style=\"font-family: arial, helvetica, sans-serif;\">Zum kr\u00f6nenden Abschluss musste die Gruppe im Team bei dem Geheimdienstspiel \u201eAction is Possible\u201c komplexe Aufgaben l\u00f6sen, Verstecke finden, Suchscheinwerfern an der Kletterwand ausweichen, Bewegungssensoren umklettern, Codes knacken um verschlossenen T\u00fcren zu \u00f6ffnen, sich sprachlos untereinander verst\u00e4ndigen, Alarme deaktivieren und vieles mehr. Am Ende haben sie es tats\u00e4chlich alle gemeinsam als eingespieltes Team geschafft, die Aufgaben zu l\u00f6sen.\u00a0 Den Preis, einen leckeren Lolli, haben sich die Geheimdienstler wirklich verdient.<\/span><\/p>\n<p><span style=\"font-family: arial, helvetica, sans-serif;\">Am Ende wurden wir noch von den beiden Kletterp\u00e4dagogen, die uns in diesen Tagen so toll begleitet haben, \u00a0verabschiedet. Dabei wurde die Gruppe noch einmal f\u00fcr ihr diszipliniertes Verhalten gelobt.<\/span><\/p>\n<p><span style=\"font-family: arial, helvetica, sans-serif;\">Es war eine tolle Erfahrung, wie hier jeder seine pers\u00f6nlichen Grenzen finden und teilweise sogar \u00fcberwinden konnte.<\/span><\/p>\n<p><span style=\"font-family: arial, helvetica, sans-serif;\">Aus heutiger Sicht wird es im n\u00e4chsten Schuljahr wieder ein Kletterangebot geben. Darauf freuen wir uns bereits jetzt.<\/span><\/p>\n<p><a href=\"https:\/\/rsh-bonn.de\/wp-content\/uploads\/2023\/03\/1197720-scaled.jpg\"><img loading=\"lazy\" decoding=\"async\" class=\"alignleft size-medium wp-image-6069\" src=\"https:\/\/rsh-bonn.de\/wp-content\/uploads\/2023\/03\/1197720-131x300.jpg\" alt=\"\" width=\"131\" height=\"300\" srcset=\"https:\/\/rsh-bonn.de\/wp-content\/uploads\/2023\/03\/1197720-131x300.jpg 131w, https:\/\/rsh-bonn.de\/wp-content\/uploads\/2023\/03\/1197720-446x1024.jpg 446w, https:\/\/rsh-bonn.de\/wp-content\/uploads\/2023\/03\/1197720-768x1762.jpg 768w, https:\/\/rsh-bonn.de\/wp-content\/uploads\/2023\/03\/1197720-669x1536.jpg 669w, https:\/\/rsh-bonn.de\/wp-content\/uploads\/2023\/03\/1197720-892x2048.jpg 892w, https:\/\/rsh-bonn.de\/wp-content\/uploads\/2023\/03\/1197720-scaled.jpg 1116w\" sizes=\"auto, (max-width: 131px) 100vw, 131px\" \/><\/a> <a href=\"https:\/\/rsh-bonn.de\/wp-content\/uploads\/2023\/03\/1197475-scaled.jpg\"><img loading=\"lazy\" decoding=\"async\" class=\"alignleft size-medium wp-image-6070\" src=\"https:\/\/rsh-bonn.de\/wp-content\/uploads\/2023\/03\/1197475-103x300.jpg\" alt=\"\" width=\"103\" height=\"300\" srcset=\"https:\/\/rsh-bonn.de\/wp-content\/uploads\/2023\/03\/1197475-103x300.jpg 103w, https:\/\/rsh-bonn.de\/wp-content\/uploads\/2023\/03\/1197475-350x1024.jpg 350w, https:\/\/rsh-bonn.de\/wp-content\/uploads\/2023\/03\/1197475-768x2246.jpg 768w, https:\/\/rsh-bonn.de\/wp-content\/uploads\/2023\/03\/1197475-525x1536.jpg 525w, https:\/\/rsh-bonn.de\/wp-content\/uploads\/2023\/03\/1197475-700x2048.jpg 700w, https:\/\/rsh-bonn.de\/wp-content\/uploads\/2023\/03\/1197475-scaled.jpg 875w\" sizes=\"auto, (max-width: 103px) 100vw, 103px\" \/><\/a><\/p>\n","protected":false},"excerpt":{"rendered":"<p>Bericht von der erlebnisp\u00e4dagogischen Woche im Jahrgang 7 &#8211; Seit dem Schuljahr 2018\/19 gibt es an der Realschule Hardtberg im Jahrgang 7 die erlebnisp\u00e4dagogische Woche. Hier haben\u00a0 die Sch\u00fclerinnen und [&hellip;]<\/p>\n","protected":false},"author":2,"featured_media":6068,"comment_status":"closed","ping_status":"open","sticky":false,"template":"","format":"standard","meta":{"_price":"","_stock":"","_tribe_ticket_header":"","_tribe_default_ticket_provider":"","_tribe_ticket_capacity":"0","_ticket_start_date":"","_ticket_end_date":"","_tribe_ticket_show_description":"","_tribe_ticket_show_not_going":false,"_tribe_ticket_use_global_stock":"","_tribe_ticket_global_stock_level":"","_global_stock_mode":"","_global_stock_cap":"","_tribe_rsvp_for_event":"","_tribe_ticket_going_count":"","_tribe_ticket_not_going_count":"","_tribe_tickets_list":"[]","_tribe_ticket_has_attendee_info_fields":false,"_jetpack_memberships_contains_paid_content":false,"footnotes":""},"categories":[1],"tags":[],"class_list":["post-6067","post","type-post","status-publish","format-standard","has-post-thumbnail","hentry","category-allgemein"],"jetpack_featured_media_url":"https:\/\/rsh-bonn.de\/wp-content\/uploads\/2023\/03\/1198065-scaled.jpg","jetpack_sharing_enabled":true,"_links":{"self":[{"href":"https:\/\/rsh-bonn.de\/index.php?rest_route=\/wp\/v2\/posts\/6067","targetHints":{"allow":["GET"]}}],"collection":[{"href":"https:\/\/rsh-bonn.de\/index.php?rest_route=\/wp\/v2\/posts"}],"about":[{"href":"https:\/\/rsh-bonn.de\/index.php?rest_route=\/wp\/v2\/types\/post"}],"author":[{"embeddable":true,"href":"https:\/\/rsh-bonn.de\/index.php?rest_route=\/wp\/v2\/users\/2"}],"replies":[{"embeddable":true,"href":"https:\/\/rsh-bonn.de\/index.php?rest_route=%2Fwp%2Fv2%2Fcomments&post=6067"}],"version-history":[{"count":4,"href":"https:\/\/rsh-bonn.de\/index.php?rest_route=\/wp\/v2\/posts\/6067\/revisions"}],"predecessor-version":[{"id":6075,"href":"https:\/\/rsh-bonn.de\/index.php?rest_route=\/wp\/v2\/posts\/6067\/revisions\/6075"}],"wp:featuredmedia":[{"embeddable":true,"href":"https:\/\/rsh-bonn.de\/index.php?rest_route=\/wp\/v2\/media\/6068"}],"wp:attachment":[{"href":"https:\/\/rsh-bonn.de\/index.php?rest_route=%2Fwp%2Fv2%2Fmedia&parent=6067"}],"wp:term":[{"taxonomy":"category","embeddable":true,"href":"https:\/\/rsh-bonn.de\/index.php?rest_route=%2Fwp%2Fv2%2Fcategories&post=6067"},{"taxonomy":"post_tag","embeddable":true,"href":"https:\/\/rsh-bonn.de\/index.php?rest_route=%2Fwp%2Fv2%2Ftags&post=6067"}],"curies":[{"name":"wp","href":"https:\/\/api.w.org\/{rel}","templated":true}]}}