{"id":6820,"date":"2025-02-24T17:56:59","date_gmt":"2025-02-24T16:56:59","guid":{"rendered":"https:\/\/rsh-bonn.de\/?p=6820"},"modified":"2025-02-24T17:59:52","modified_gmt":"2025-02-24T16:59:52","slug":"6820","status":"publish","type":"post","link":"https:\/\/rsh-bonn.de\/?p=6820","title":{"rendered":"Juniorwahl zur Bundestagswahl 2025"},"content":{"rendered":"<p><span style=\"font-size: 14pt;\"><strong><span style=\"font-family: arial, helvetica, sans-serif;\">Juniorwahl zur Bundestagswahl 2025: Realschule Hardtberg hat gew\u00e4hlt: DIE LINKE st\u00e4rkste Kraft! &#8211;\u00a0<\/span><\/strong><\/span><\/p>\n<p><span style=\"font-family: arial, helvetica, sans-serif;\">In der vergangenen Woche gaben an der Realschule Hardtberg insgesamt 132 Sch\u00fcler und Sch\u00fclerinnen im Rahmen der Juniorwahl ihre Stimme ab.<\/span><\/p>\n<p><span style=\"font-family: arial, helvetica, sans-serif;\">Bei der Ausz\u00e4hlung der Stimmen konnte <strong>Die Linke<\/strong> mitt 31,7 Prozent die meisten Stimmen erzielen, gefolgt von der SPD mit 20,6 Prozent der Stimmen.<\/span><\/p>\n<p><span style=\"font-family: arial, helvetica, sans-serif;\">Die Ausz\u00e4hlung der Zweitstimmen ergab folgende Verteilung:<\/span><\/p>\n<p><span style=\"font-family: arial, helvetica, sans-serif;\">Die Linke: \u00a031,7 %<\/span><\/p>\n<p><span style=\"font-family: arial, helvetica, sans-serif;\">SPD:\u00a0\u00a0\u00a0\u00a0\u00a0\u00a0\u00a0\u00a0\u00a0 20,6 %<\/span><\/p>\n<p><span style=\"font-family: arial, helvetica, sans-serif;\">CDU:\u00a0\u00a0\u00a0 \u00a0\u00a0\u00a0\u00a0\u00a0\u00a013,5%<\/span><\/p>\n<p><span style=\"font-family: arial, helvetica, sans-serif;\">AfD\u00a0\u00a0\u00a0\u00a0\u00a0\u00a0\u00a0\u00a0\u00a0\u00a0\u00a0\u00a0\u00a0 8,7%<\/span><\/p>\n<p><span style=\"font-family: arial, helvetica, sans-serif;\">BSW\u00a0\u00a0\u00a0\u00a0\u00a0\u00a0\u00a0\u00a0\u00a0\u00a0\u00a0\u00a0 7,9%<\/span><\/p>\n<p><span style=\"font-family: arial, helvetica, sans-serif;\">Gr\u00fcne\u00a0\u00a0\u00a0\u00a0\u00a0\u00a0\u00a0\u00a0\u00a0\u00a0 4,7%<\/span><\/p>\n<p><span style=\"font-family: arial, helvetica, sans-serif;\">MERA25\u00a0\u00a0\u00a0\u00a0\u00a0\u00a0 3,9%<\/span><\/p>\n<p><span style=\"font-family: arial, helvetica, sans-serif;\">FDP\u00a0\u00a0\u00a0\u00a0\u00a0\u00a0\u00a0\u00a0\u00a0\u00a0\u00a0\u00a0\u00a0 2,4%<\/span><\/p>\n<p>&nbsp;<\/p>\n<p><span style=\"font-family: arial, helvetica, sans-serif;\">Die Ausz\u00e4hlung der Erststimmen ergab folgendes Ergebnis:<\/span><\/p>\n<p><span style=\"font-family: arial, helvetica, sans-serif;\">Die Linke (J\u00fcrgen Repschl\u00e4ger):\u00a0\u00a0\u00a0\u00a0\u00a0\u00a0\u00a0\u00a0\u00a0\u00a0\u00a0\u00a0\u00a0\u00a0\u00a0\u00a0 37,3%<\/span><\/p>\n<p><span style=\"font-family: arial, helvetica, sans-serif;\">SPD (Jessica Rosenthal)\u00a0\u00a0\u00a0\u00a0\u00a0\u00a0\u00a0\u00a0\u00a0\u00a0\u00a0\u00a0\u00a0\u00a0\u00a0\u00a0\u00a0\u00a0\u00a0\u00a0\u00a0\u00a0\u00a0\u00a0\u00a0\u00a0\u00a0\u00a0 29,3%<\/span><\/p>\n<p><span style=\"font-family: arial, helvetica, sans-serif;\">AfD (Wolfgang Truckenbrodt)\u00a0\u00a0\u00a0\u00a0\u00a0\u00a0\u00a0\u00a0\u00a0\u00a0\u00a0\u00a0\u00a0\u00a0\u00a0\u00a0\u00a0\u00a0\u00a0\u00a0 11,1%<\/span><\/p>\n<p><span style=\"font-family: arial, helvetica, sans-serif;\">CDU (Hendrik Streeck)\u00a0\u00a0\u00a0\u00a0\u00a0\u00a0\u00a0\u00a0\u00a0\u00a0\u00a0\u00a0\u00a0\u00a0\u00a0\u00a0\u00a0\u00a0\u00a0\u00a0\u00a0\u00a0\u00a0\u00a0\u00a0\u00a0\u00a0\u00a0\u00a0\u00a0\u00a0 10,3%<\/span><\/p>\n<p><span style=\"font-family: arial, helvetica, sans-serif;\">FDP (Anna Heimann)\u00a0\u00a0\u00a0\u00a0\u00a0\u00a0\u00a0\u00a0\u00a0\u00a0\u00a0\u00a0\u00a0\u00a0\u00a0\u00a0\u00a0\u00a0\u00a0\u00a0\u00a0\u00a0\u00a0\u00a0\u00a0\u00a0\u00a0\u00a0\u00a0\u00a0\u00a0\u00a0\u00a0\u00a0 5,5%<\/span><\/p>\n<p><span style=\"font-family: arial, helvetica, sans-serif;\">GR\u00dcNE (Kathrin Uhlig)\u00a0\u00a0\u00a0\u00a0\u00a0\u00a0\u00a0\u00a0\u00a0\u00a0\u00a0\u00a0\u00a0\u00a0\u00a0\u00a0\u00a0\u00a0\u00a0\u00a0\u00a0\u00a0\u00a0\u00a0\u00a0\u00a0\u00a0\u00a0\u00a0\u00a0\u00a0 3,1%<\/span><\/p>\n<p>&nbsp;<\/p>\n<p><span style=\"font-family: arial, helvetica, sans-serif;\">Die Wahlbeteiligung lag bei 88,8%<\/span><\/p>\n<p>&nbsp;<\/p>\n<p><span style=\"font-family: arial, helvetica, sans-serif;\">\u201eWir waren alle sehr \u00fcberrascht, dass Die Linken st\u00e4rkste Partei an der RSH wurde und Herr Repschl\u00e4ger von den Linken den Wahlkreis von Bonn gewonnen hat\u201c, erkl\u00e4rte die Wahlhelferin Ecrin Yardimci (Klasse 9c). Der Wahlvorsitzende Noah Kavuma (Klasse 9c) freute sich \u00fcber die hohe Wahlbeteiligung von 88,8%. \u201eIch finde es toll, wenn von 150 Sch\u00fcler und Sch\u00fclerinnen der Jahrgangsstufen 9 und 10 sich 132 beteiligen\u201c<\/span><\/p>\n<p><span style=\"font-family: arial, helvetica, sans-serif;\">Der Schulleiter Bj\u00f6rn Petry fasste die Juniorwahlen mit den Worten zusammen: \u201eIch\u00a0 danke allen Beteiligten f\u00fcr die Organisation und Durchf\u00fchrung der Juniorwahlen! Dies ist ein ganz wichtiger Baustein, Demokratie zu (er)leben\u201c!<\/span><\/p>\n<p><span style=\"font-family: arial, helvetica, sans-serif;\"><strong>Hintergrund Juniorwahl<\/strong><\/span><\/p>\n<p><span style=\"font-family: arial, helvetica, sans-serif;\">Die Juniorwahl zur Bundestagswahl 2025 wird erm\u00f6glicht durch den Deutschen Bundestag, dem Ministerium f\u00fcr Familie, Senioren, Frauen und Jugend sowie der Bundeszentrale f\u00fcr politische Bildung. Seit ihrer Einf\u00fchrung im Jahr 1999 hat sich die Juniorwahl als eines der erfolgreichsten politischen Bildungsprojekte in Deutschland etabliert. Als \u201eBest-Practice-Projekt\u201c zur F\u00f6rderung der Demokratie wird sie bundesweit zu Landtagswahlen, Bundestagswahlen und Europawahlen durchgef\u00fchrt. In den vergangenen 25 Jahren haben sich mehr als 7,4 Millionen Jugendliche an der Juniorwahl beteiligt. Damit z\u00e4hlt sie zu den gr\u00f6\u00dften Schulprojekten in Deutschland. Das Projekt erm\u00f6glicht es jungen Menschen, aktiv demokratische Prozesse zu erleben, noch bevor sie das Wahlalter erreichen.<\/span><\/p>\n<p><em><span style=\"font-family: arial, helvetica, sans-serif;\">Rolf Ha\u00dfelkus (Organisator der Juniorwahl)<\/span><\/em><\/p>\n<p>&nbsp;<\/p>\n","protected":false},"excerpt":{"rendered":"<p>Juniorwahl zur Bundestagswahl 2025: Realschule Hardtberg hat gew\u00e4hlt: DIE LINKE st\u00e4rkste Kraft! &#8211;\u00a0 In der vergangenen Woche gaben an der Realschule Hardtberg insgesamt 132 Sch\u00fcler und Sch\u00fclerinnen im Rahmen der [&hellip;]<\/p>\n","protected":false},"author":2,"featured_media":6824,"comment_status":"closed","ping_status":"open","sticky":false,"template":"","format":"standard","meta":{"_price":"","_stock":"","_tribe_ticket_header":"","_tribe_default_ticket_provider":"","_tribe_ticket_capacity":"0","_ticket_start_date":"","_ticket_end_date":"","_tribe_ticket_show_description":"","_tribe_ticket_show_not_going":false,"_tribe_ticket_use_global_stock":"","_tribe_ticket_global_stock_level":"","_global_stock_mode":"","_global_stock_cap":"","_tribe_rsvp_for_event":"","_tribe_ticket_going_count":"","_tribe_ticket_not_going_count":"","_tribe_tickets_list":"[]","_tribe_ticket_has_attendee_info_fields":false,"_jetpack_memberships_contains_paid_content":false,"footnotes":""},"categories":[1],"tags":[],"class_list":["post-6820","post","type-post","status-publish","format-standard","has-post-thumbnail","hentry","category-allgemein"],"jetpack_featured_media_url":"https:\/\/rsh-bonn.de\/wp-content\/uploads\/2025\/02\/IMG_63751.jpg","jetpack_sharing_enabled":true,"_links":{"self":[{"href":"https:\/\/rsh-bonn.de\/index.php?rest_route=\/wp\/v2\/posts\/6820","targetHints":{"allow":["GET"]}}],"collection":[{"href":"https:\/\/rsh-bonn.de\/index.php?rest_route=\/wp\/v2\/posts"}],"about":[{"href":"https:\/\/rsh-bonn.de\/index.php?rest_route=\/wp\/v2\/types\/post"}],"author":[{"embeddable":true,"href":"https:\/\/rsh-bonn.de\/index.php?rest_route=\/wp\/v2\/users\/2"}],"replies":[{"embeddable":true,"href":"https:\/\/rsh-bonn.de\/index.php?rest_route=%2Fwp%2Fv2%2Fcomments&post=6820"}],"version-history":[{"count":3,"href":"https:\/\/rsh-bonn.de\/index.php?rest_route=\/wp\/v2\/posts\/6820\/revisions"}],"predecessor-version":[{"id":6822,"href":"https:\/\/rsh-bonn.de\/index.php?rest_route=\/wp\/v2\/posts\/6820\/revisions\/6822"}],"wp:featuredmedia":[{"embeddable":true,"href":"https:\/\/rsh-bonn.de\/index.php?rest_route=\/wp\/v2\/media\/6824"}],"wp:attachment":[{"href":"https:\/\/rsh-bonn.de\/index.php?rest_route=%2Fwp%2Fv2%2Fmedia&parent=6820"}],"wp:term":[{"taxonomy":"category","embeddable":true,"href":"https:\/\/rsh-bonn.de\/index.php?rest_route=%2Fwp%2Fv2%2Fcategories&post=6820"},{"taxonomy":"post_tag","embeddable":true,"href":"https:\/\/rsh-bonn.de\/index.php?rest_route=%2Fwp%2Fv2%2Ftags&post=6820"}],"curies":[{"name":"wp","href":"https:\/\/api.w.org\/{rel}","templated":true}]}}