{"id":6844,"date":"2025-03-19T12:47:29","date_gmt":"2025-03-19T11:47:29","guid":{"rendered":"https:\/\/rsh-bonn.de\/?p=6844"},"modified":"2025-03-19T12:54:06","modified_gmt":"2025-03-19T11:54:06","slug":"mensch-wir-muessen-reden","status":"publish","type":"post","link":"https:\/\/rsh-bonn.de\/?p=6844","title":{"rendered":"Mensch, wir m\u00fcssen reden!"},"content":{"rendered":"<p><strong><span style=\"font-family: arial, helvetica, sans-serif; font-size: 14pt;\">Mensch, wir m\u00fcssen reden! &#8211; inklusives Community-Dance-Projekt mit der RSH<\/span><\/strong><\/p>\n<p><span style=\"font-family: arial, helvetica, sans-serif;\">Nach einigen Monaten voller Proben und spannender Begegnungen ist es bald so weit: Am <strong>13. Mai 2025<\/strong> findet das inklusive Community-Dance-Projekt \u201cMensch, wir m\u00fcssen reden!\u201d in Zusammenarbeit mit \u00fcber 120 Beteiligten in der <strong>Bundeskunsthalle Bonn<\/strong> statt und unsere Klasse 8c sowie die Vorbereitungsklasse sind dabei!<\/span><\/p>\n<p><span style=\"font-family: arial, helvetica, sans-serif;\">Gemeinsam bringen die K\u00fcnstler:innen ihre Ideen zur Zukunft auf die B\u00fchne &#8211; und das mit viel Bewegung, Kreativit\u00e4t und Teamgeist. Die <strong>Auff\u00fchrung<\/strong> beginnt um <strong>19:00 Uhr<\/strong>, der Einlass startet ab 18:45 Uhr.<\/span><\/p>\n<p><span style=\"font-family: arial, helvetica, sans-serif;\">Wir freuen uns riesig und sind gespannt auf die Auff\u00fchrung!<\/span><\/p>\n<p><span style=\"font-family: arial, helvetica, sans-serif;\">Hier kann bereits ein kleiner Eindruck des Projekts in unserem <strong>Trailer<\/strong> gewonnen werden:<\/span><\/p>\n<p><span style=\"font-family: arial, helvetica, sans-serif;\"><a href=\"https:\/\/www.youtube.com\/watch?v=njRELoPNIhE\" target=\"_blank\" rel=\"noopener\"><span style=\"font-size: 14pt; color: #0000ff;\">https:\/\/www.youtube.com\/watch?v=njRELoPNIhE<\/span><\/a><\/span><\/p>\n<p><span style=\"font-family: arial, helvetica, sans-serif;\">\u00dcber diesen Link k\u00f6nnen Sie <strong>Tickets<\/strong> f\u00fcr die Veranstaltung erwerben:<\/span><\/p>\n<p><span style=\"font-family: arial, helvetica, sans-serif;\"><a href=\"https:\/\/culticks.com\/event-detail\/3235\/neue-welt\" target=\"_blank\" rel=\"noopener\"><span style=\"color: #0000ff; font-size: 14pt;\">https:\/\/culticks.com\/event-detail\/3235\/neue-welt<\/span><\/a><\/span><\/p>\n<p>&nbsp;<\/p>\n<p>&nbsp;<\/p>\n<p>&nbsp;<\/p>\n<p>&nbsp;<\/p>\n","protected":false},"excerpt":{"rendered":"<p>Mensch, wir m\u00fcssen reden! &#8211; inklusives Community-Dance-Projekt mit der RSH Nach einigen Monaten voller Proben und spannender Begegnungen ist es bald so weit: Am 13. Mai 2025 findet das inklusive [&hellip;]<\/p>\n","protected":false},"author":2,"featured_media":6845,"comment_status":"closed","ping_status":"open","sticky":false,"template":"","format":"standard","meta":{"_price":"","_stock":"","_tribe_ticket_header":"","_tribe_default_ticket_provider":"","_tribe_ticket_capacity":"0","_ticket_start_date":"","_ticket_end_date":"","_tribe_ticket_show_description":"","_tribe_ticket_show_not_going":false,"_tribe_ticket_use_global_stock":"","_tribe_ticket_global_stock_level":"","_global_stock_mode":"","_global_stock_cap":"","_tribe_rsvp_for_event":"","_tribe_ticket_going_count":"","_tribe_ticket_not_going_count":"","_tribe_tickets_list":"[]","_tribe_ticket_has_attendee_info_fields":false,"_jetpack_memberships_contains_paid_content":false,"footnotes":""},"categories":[1],"tags":[],"class_list":["post-6844","post","type-post","status-publish","format-standard","has-post-thumbnail","hentry","category-allgemein"],"jetpack_featured_media_url":"https:\/\/rsh-bonn.de\/wp-content\/uploads\/2025\/03\/NEUE-WELT-Plakat-Community-Dance-Bonn-scaled.jpg","jetpack_sharing_enabled":true,"_links":{"self":[{"href":"https:\/\/rsh-bonn.de\/index.php?rest_route=\/wp\/v2\/posts\/6844","targetHints":{"allow":["GET"]}}],"collection":[{"href":"https:\/\/rsh-bonn.de\/index.php?rest_route=\/wp\/v2\/posts"}],"about":[{"href":"https:\/\/rsh-bonn.de\/index.php?rest_route=\/wp\/v2\/types\/post"}],"author":[{"embeddable":true,"href":"https:\/\/rsh-bonn.de\/index.php?rest_route=\/wp\/v2\/users\/2"}],"replies":[{"embeddable":true,"href":"https:\/\/rsh-bonn.de\/index.php?rest_route=%2Fwp%2Fv2%2Fcomments&post=6844"}],"version-history":[{"count":5,"href":"https:\/\/rsh-bonn.de\/index.php?rest_route=\/wp\/v2\/posts\/6844\/revisions"}],"predecessor-version":[{"id":6852,"href":"https:\/\/rsh-bonn.de\/index.php?rest_route=\/wp\/v2\/posts\/6844\/revisions\/6852"}],"wp:featuredmedia":[{"embeddable":true,"href":"https:\/\/rsh-bonn.de\/index.php?rest_route=\/wp\/v2\/media\/6845"}],"wp:attachment":[{"href":"https:\/\/rsh-bonn.de\/index.php?rest_route=%2Fwp%2Fv2%2Fmedia&parent=6844"}],"wp:term":[{"taxonomy":"category","embeddable":true,"href":"https:\/\/rsh-bonn.de\/index.php?rest_route=%2Fwp%2Fv2%2Fcategories&post=6844"},{"taxonomy":"post_tag","embeddable":true,"href":"https:\/\/rsh-bonn.de\/index.php?rest_route=%2Fwp%2Fv2%2Ftags&post=6844"}],"curies":[{"name":"wp","href":"https:\/\/api.w.org\/{rel}","templated":true}]}}