{"id":6913,"date":"2025-07-10T18:16:18","date_gmt":"2025-07-10T16:16:18","guid":{"rendered":"https:\/\/rsh-bonn.de\/?p=6913"},"modified":"2025-07-10T18:17:30","modified_gmt":"2025-07-10T16:17:30","slug":"traut-euch-waehlen-gehen","status":"publish","type":"post","link":"https:\/\/rsh-bonn.de\/?p=6913","title":{"rendered":"\u201eTraut euch \u2013 w\u00e4hlen gehen!\u201c"},"content":{"rendered":"<p><span style=\"font-family: arial, helvetica, sans-serif; font-size: 14pt;\"><strong>\u201eTraut euch \u2013 w\u00e4hlen gehen!\u201c &#8211; 2. <\/strong><strong>Platz f\u00fcr den SoWi-Kurs 9 beim Demokratiepreis<\/strong><\/span><\/p>\n<p><span style=\"font-family: arial, helvetica, sans-serif;\">Am 14.9.2025 sind in Bonn und in ganz NRW die Kommunalwahlen. F\u00fcr die Parteien sind die Erst- und Jungw\u00e4hler eine wichtige Zielgruppe, da bei Kommunalwahlen schon ab 16 Jahren gew\u00e4hlt werden darf. Unter dem Motto &#8222;Du bist erste Wahl! Geh w\u00e4hlen! Ohne dich keine Zukunft in Bonn!&#8220; steht der diesj\u00e4hrige internationale Demokratiepreis, damit sich m\u00f6glichst viele Jugendliche an den Kommunalwahlen beteiligen. Der SoWi-Kurs 9 der Realschule Hardtberg Bonn will mit seinem Wahlspot &#8222;Traut euch &#8211; w\u00e4hlen gehen!&#8220; junge Menschen motivieren an den Kommunalwahlen am 14.9.2025 teilzunehmen.<\/span><\/p>\n<p><span style=\"font-family: arial, helvetica, sans-serif;\">Der SoWi-Kurs hat beim Wettbewerb, an dem \u00fcber 100 Sch\u00fclerinnen und Sch\u00fclern aus den weitef\u00fchrenden Schulen der Stadt Bonn teilgenommen haben, den 2.Platz erreicht.<\/span><\/p>\n<p><span style=\"font-family: arial, helvetica, sans-serif;\">Herzlichen Gl\u00fcckwunsch!<\/span><\/p>\n<p><span style=\"font-family: arial, helvetica, sans-serif;\">Wer den Wahlspot noch einmal sehen m\u00f6chte, kann dies bei Youtube unter dem Titel \u201eTraut euch \u2013 w\u00e4hlen gehen!\u201c finden (youtu.be\/R-50L_vtpN8).<\/span><\/p>\n<p><span style=\"font-family: arial, helvetica, sans-serif;\">R. Ha\u00dfelkus<\/span><\/p>\n<p><a href=\"https:\/\/rsh-bonn.de\/wp-content\/uploads\/2025\/07\/Urkunde2.jpg\"><img loading=\"lazy\" decoding=\"async\" class=\"alignleft size-medium wp-image-6916\" src=\"https:\/\/rsh-bonn.de\/wp-content\/uploads\/2025\/07\/Urkunde2-197x300.jpg\" alt=\"\" width=\"197\" height=\"300\" srcset=\"https:\/\/rsh-bonn.de\/wp-content\/uploads\/2025\/07\/Urkunde2-197x300.jpg 197w, https:\/\/rsh-bonn.de\/wp-content\/uploads\/2025\/07\/Urkunde2-671x1024.jpg 671w, https:\/\/rsh-bonn.de\/wp-content\/uploads\/2025\/07\/Urkunde2-768x1172.jpg 768w, https:\/\/rsh-bonn.de\/wp-content\/uploads\/2025\/07\/Urkunde2-1006x1536.jpg 1006w, https:\/\/rsh-bonn.de\/wp-content\/uploads\/2025\/07\/Urkunde2.jpg 1124w\" sizes=\"auto, (max-width: 197px) 100vw, 197px\" \/><\/a><\/p>\n","protected":false},"excerpt":{"rendered":"<p>\u201eTraut euch \u2013 w\u00e4hlen gehen!\u201c &#8211; 2. Platz f\u00fcr den SoWi-Kurs 9 beim Demokratiepreis Am 14.9.2025 sind in Bonn und in ganz NRW die Kommunalwahlen. F\u00fcr die Parteien sind die [&hellip;]<\/p>\n","protected":false},"author":2,"featured_media":6915,"comment_status":"closed","ping_status":"open","sticky":false,"template":"","format":"standard","meta":{"_price":"","_stock":"","_tribe_ticket_header":"","_tribe_default_ticket_provider":"","_tribe_ticket_capacity":"0","_ticket_start_date":"","_ticket_end_date":"","_tribe_ticket_show_description":"","_tribe_ticket_show_not_going":false,"_tribe_ticket_use_global_stock":"","_tribe_ticket_global_stock_level":"","_global_stock_mode":"","_global_stock_cap":"","_tribe_rsvp_for_event":"","_tribe_ticket_going_count":"","_tribe_ticket_not_going_count":"","_tribe_tickets_list":"[]","_tribe_ticket_has_attendee_info_fields":false,"_jetpack_memberships_contains_paid_content":false,"footnotes":""},"categories":[20],"tags":[],"class_list":["post-6913","post","type-post","status-publish","format-standard","has-post-thumbnail","hentry","category-nicht-kategorisiert-de"],"jetpack_featured_media_url":"https:\/\/rsh-bonn.de\/wp-content\/uploads\/2025\/07\/Preisverleihung2.jpeg","jetpack_sharing_enabled":true,"_links":{"self":[{"href":"https:\/\/rsh-bonn.de\/index.php?rest_route=\/wp\/v2\/posts\/6913","targetHints":{"allow":["GET"]}}],"collection":[{"href":"https:\/\/rsh-bonn.de\/index.php?rest_route=\/wp\/v2\/posts"}],"about":[{"href":"https:\/\/rsh-bonn.de\/index.php?rest_route=\/wp\/v2\/types\/post"}],"author":[{"embeddable":true,"href":"https:\/\/rsh-bonn.de\/index.php?rest_route=\/wp\/v2\/users\/2"}],"replies":[{"embeddable":true,"href":"https:\/\/rsh-bonn.de\/index.php?rest_route=%2Fwp%2Fv2%2Fcomments&post=6913"}],"version-history":[{"count":3,"href":"https:\/\/rsh-bonn.de\/index.php?rest_route=\/wp\/v2\/posts\/6913\/revisions"}],"predecessor-version":[{"id":6918,"href":"https:\/\/rsh-bonn.de\/index.php?rest_route=\/wp\/v2\/posts\/6913\/revisions\/6918"}],"wp:featuredmedia":[{"embeddable":true,"href":"https:\/\/rsh-bonn.de\/index.php?rest_route=\/wp\/v2\/media\/6915"}],"wp:attachment":[{"href":"https:\/\/rsh-bonn.de\/index.php?rest_route=%2Fwp%2Fv2%2Fmedia&parent=6913"}],"wp:term":[{"taxonomy":"category","embeddable":true,"href":"https:\/\/rsh-bonn.de\/index.php?rest_route=%2Fwp%2Fv2%2Fcategories&post=6913"},{"taxonomy":"post_tag","embeddable":true,"href":"https:\/\/rsh-bonn.de\/index.php?rest_route=%2Fwp%2Fv2%2Ftags&post=6913"}],"curies":[{"name":"wp","href":"https:\/\/api.w.org\/{rel}","templated":true}]}}